{"id":2863,"date":"2023-11-10T11:19:15","date_gmt":"2023-11-10T16:19:15","guid":{"rendered":"https:\/\/pelileo.gob.ec\/portal\/?p=2863"},"modified":"2023-11-10T11:19:15","modified_gmt":"2023-11-10T16:19:15","slug":"%f0%9d%97%a3%f0%9d%97%bf%f0%9d%97%b2%f0%9d%97%ba%f0%9d%97%b6%f0%9d%97%bc-%f0%9d%97%a3%f0%9d%97%bfa%f0%9d%97%b0%f0%9d%98%81%f0%9d%97%b6%f0%9d%97%b0%f0%9d%97%ae%f0%9d%98%80-%f0%9d%97%98%f0%9d%97%b7","status":"publish","type":"post","link":"https:\/\/pelileo.gob.ec\/v3\/%f0%9d%97%a3%f0%9d%97%bf%f0%9d%97%b2%f0%9d%97%ba%f0%9d%97%b6%f0%9d%97%bc-%f0%9d%97%a3%f0%9d%97%bfa%f0%9d%97%b0%f0%9d%98%81%f0%9d%97%b6%f0%9d%97%b0%f0%9d%97%ae%f0%9d%98%80-%f0%9d%97%98%f0%9d%97%b7\/","title":{"rendered":"\ud835\udde3\ud835\uddff\ud835\uddf2\ud835\uddfa\ud835\uddf6\ud835\uddfc \ud835\udde3\ud835\uddff\u00e1\ud835\uddf0\ud835\ude01\ud835\uddf6\ud835\uddf0\ud835\uddee\ud835\ude00 \ud835\uddd8\ud835\uddf7\ud835\uddf2\ud835\uddfa\ud835\uddfd\ud835\uddf9\ud835\uddee\ud835\uddff\ud835\uddf2\ud835\ude00 \ud835\uddfd\ud835\uddee\ud835\uddff\ud835\uddee \ud835\udde3\ud835\uddf2\ud835\uddf9\ud835\uddf6\ud835\uddf9\ud835\uddf2\ud835\uddfc"},"content":{"rendered":"\n<p>En el marco de la S\u00e9ptima edici\u00f3n del Concurso \u201c\ud835\udde3\ud835\uddff\u00e1\ud835\uddf0\ud835\ude01\ud835\uddf6\ud835\uddf0\ud835\uddee\ud835\ude00 \ud835\uddd8\ud835\uddf7\ud835\uddf2\ud835\uddfa\ud835\uddfd\ud835\uddf9\ud835\uddee\ud835\uddff\ud835\uddf2\ud835\ude00 \ud835\uddd8\ud835\uddf0\ud835\ude02\ud835\uddee\ud835\uddf1\ud835\uddfc\ud835\uddff 2023\u201d realizado en la ciudad de Quito; de entre 300 postulaciones de todo el Ecuador, recibimos el reconocimiento al \ud835\ude01\ud835\uddff\ud835\uddee\ud835\uddef\ud835\uddee\ud835\uddf7\ud835\uddfc \ud835\uddf0\ud835\ude02\ud835\uddfa\ud835\uddfd\ud835\uddf9\ud835\uddf6\ud835\uddf1\ud835\uddfc \ud835\uddfd\ud835\uddfc\ud835\uddff \ud835\uddf9\ud835\uddee \ud835\uddfa\ud835\ude02\ud835\uddfb\ud835\uddf6\ud835\uddf0\ud835\uddf6\ud835\uddfd\ud835\uddee\ud835\uddf9\ud835\uddf6\ud835\uddf1\ud835\uddee\ud835\uddf1 para fortalecer el desarrollo productivo, empleo y emprendimiento en el \u00e1mbito <a><\/a>de producci\u00f3n agr\u00edcola limpia y saludable.<\/p>\n\n\n\n<p>Compartimos con Uds. los \ud835\uddfa\ud835\uddfc\ud835\uddfa\ud835\uddf2\ud835\uddfb\ud835\ude01\ud835\uddfc\ud835\ude00 \ud835\uddf1\ud835\uddf2 \ud835\uddf2\ud835\uddfa\ud835\uddfc\ud835\ude01\ud835\uddf6\ud835\ude03\ud835\uddf6\ud835\uddf1\ud835\uddee\ud835\uddf1 \ud835\ude06 \ud835\uddfc\ud835\uddff\ud835\uddf4\ud835\ude02\ud835\uddf9\ud835\uddf9\ud835\uddfc vividos durante la ceremonia y el compromiso asumido por la administraci\u00f3n municipal que lidera el alcalde Dr. Gabriel Z\u00fa\u00f1iga para continuar trabajando junto a nuestros productores.<\/p>\n","protected":false},"excerpt":{"rendered":"<p>En el marco de la S\u00e9ptima edici\u00f3n del Concurso \u201c\ud835\udde3\ud835\uddff\u00e1\ud835\uddf0\ud835\ude01\ud835\uddf6\ud835\uddf0\ud835\uddee\ud835\ude00&hellip; <\/p>\n","protected":false},"author":1,"featured_media":2864,"comment_status":"closed","ping_status":"closed","sticky":false,"template":"","format":"standard","meta":{"footnotes":""},"categories":[9],"tags":[],"class_list":["post-2863","post","type-post","status-publish","format-standard","has-post-thumbnail","hentry","category-slider"],"_links":{"self":[{"href":"https:\/\/pelileo.gob.ec\/v3\/wp-json\/wp\/v2\/posts\/2863","targetHints":{"allow":["GET"]}}],"collection":[{"href":"https:\/\/pelileo.gob.ec\/v3\/wp-json\/wp\/v2\/posts"}],"about":[{"href":"https:\/\/pelileo.gob.ec\/v3\/wp-json\/wp\/v2\/types\/post"}],"author":[{"embeddable":true,"href":"https:\/\/pelileo.gob.ec\/v3\/wp-json\/wp\/v2\/users\/1"}],"replies":[{"embeddable":true,"href":"https:\/\/pelileo.gob.ec\/v3\/wp-json\/wp\/v2\/comments?post=2863"}],"version-history":[{"count":1,"href":"https:\/\/pelileo.gob.ec\/v3\/wp-json\/wp\/v2\/posts\/2863\/revisions"}],"predecessor-version":[{"id":2865,"href":"https:\/\/pelileo.gob.ec\/v3\/wp-json\/wp\/v2\/posts\/2863\/revisions\/2865"}],"wp:featuredmedia":[{"embeddable":true,"href":"https:\/\/pelileo.gob.ec\/v3\/wp-json\/wp\/v2\/media\/2864"}],"wp:attachment":[{"href":"https:\/\/pelileo.gob.ec\/v3\/wp-json\/wp\/v2\/media?parent=2863"}],"wp:term":[{"taxonomy":"category","embeddable":true,"href":"https:\/\/pelileo.gob.ec\/v3\/wp-json\/wp\/v2\/categories?post=2863"},{"taxonomy":"post_tag","embeddable":true,"href":"https:\/\/pelileo.gob.ec\/v3\/wp-json\/wp\/v2\/tags?post=2863"}],"curies":[{"name":"wp","href":"https:\/\/api.w.org\/{rel}","templated":true}]}}