{"id":2866,"date":"2023-11-13T08:43:57","date_gmt":"2023-11-13T13:43:57","guid":{"rendered":"https:\/\/pelileo.gob.ec\/portal\/?p=2866"},"modified":"2023-11-13T08:43:57","modified_gmt":"2023-11-13T13:43:57","slug":"%f0%9d%97%a3%f0%9d%97%bf%f0%9d%97%bc%f0%9d%97%b1%f0%9d%98%82%f0%9d%97%b0%f0%9d%98%81%f0%9d%97%bc%f0%9d%97%bf%f0%9d%97%ae%f0%9d%98%80-%f0%9d%98%86-%f0%9d%97%ba%f0%9d%98%82%f0%9d%97%bb%f0%9d%97%b6","status":"publish","type":"post","link":"https:\/\/pelileo.gob.ec\/v3\/%f0%9d%97%a3%f0%9d%97%bf%f0%9d%97%bc%f0%9d%97%b1%f0%9d%98%82%f0%9d%97%b0%f0%9d%98%81%f0%9d%97%bc%f0%9d%97%bf%f0%9d%97%ae%f0%9d%98%80-%f0%9d%98%86-%f0%9d%97%ba%f0%9d%98%82%f0%9d%97%bb%f0%9d%97%b6\/","title":{"rendered":"\ud835\udde3\ud835\uddff\ud835\uddfc\ud835\uddf1\ud835\ude02\ud835\uddf0\ud835\ude01\ud835\uddfc\ud835\uddff\ud835\uddee\ud835\ude00 \ud835\ude06 \ud835\uddfa\ud835\ude02\ud835\uddfb\ud835\uddf6\ud835\uddf0\ud835\uddf6\ud835\uddfd\ud835\uddee\ud835\uddf9\ud835\uddf6\ud835\uddf1\ud835\uddee\ud835\uddf1 \ud835\uddf0\ud835\uddf2\ud835\uddf9\ud835\uddf2\ud835\uddef\ud835\uddff\ud835\uddee\ud835\uddfb \ud835\uddff\ud835\uddf2\ud835\uddf0\ud835\uddfc\ud835\uddfb\ud835\uddfc\ud835\uddf0\ud835\uddf6\ud835\uddfa\ud835\uddf6\ud835\uddf2\ud835\uddfb\ud835\ude01\ud835\uddfc \ud835\uddfd\ud835\uddfc\ud835\uddff \ud835\uddef\ud835\ude02\ud835\uddf2\ud835\uddfb\ud835\uddee \ud835\uddfd\ud835\uddff\ud835\uddee\ud835\uddf0\ud835\ude01\ud835\uddf6\ud835\uddf0\ud835\uddee\ud835\ude00 \ud835\uddee\ud835\uddf4\ud835\uddff\ud835\uddfc\ud835\uddf2\ud835\uddf0\ud835\uddfc\ud835\uddf9\u00f3\ud835\uddf4\ud835\uddf6\ud835\uddf0\ud835\uddee\ud835\ude00 \ud835\uddf2\ud835\uddfb \ud835\udde3\ud835\uddf2\ud835\uddf9\ud835\uddf6\ud835\uddf9\ud835\uddf2\ud835\uddfc"},"content":{"rendered":"\n<p>El alcalde del ilustre Municipio del cant\u00f3n San Pedro de Pelileo, Dr. Gabriel Z\u00fa\u00f1iga visita la Plaza 12 de noviembre para felicitar la labor de nuestras productoras de la Feria de las Biogranjas \u201cDe la mata a la olla\u201d, por el reconocimiento en el concurso nacional \u201c\ud835\udde3\ud835\uddff\u00e1\ud835\uddf0\ud835\ude01\ud835\uddf6\ud835\uddf0\ud835\uddee\ud835\ude00 <a><\/a>\ud835\uddd8\ud835\uddf7\ud835\uddf2\ud835\uddfa\ud835\uddfd\ud835\uddf9\ud835\uddee\ud835\uddff\ud835\uddf2\ud835\ude00 \ud835\uddd8\ud835\uddf0\ud835\ude02\ud835\uddee\ud835\uddf1\ud835\uddfc\ud835\uddff 2023\u201d, en Quito.<\/p>\n\n\n\n<p>Las productoras agradecen a la autoridad municipal por el apoyo permanente a esta actividad agr\u00edcola mediante los t\u00e9cnicos de la Unidad de Econom\u00eda Popular y Solidaria que mediante convenios nacionales e internacionales fortalecen el asesoramiento t\u00e9cnico y seguimiento a sus cultivos en agricultura limpia.<\/p>\n\n\n\n<p>Ofrecer productos org\u00e1nicos sin la utilizaci\u00f3n de insumos qu\u00edmicos que los contaminen durante el proceso de producci\u00f3n, es el objetivo de la Feria de las Biogranjas \u201cDe la mata a la olla\u201d, que todos los jueves se realiza en la Plaza 12 de noviembre, con oferta directa del productor al consumidor local.<\/p>\n\n\n\n<p>Desde las 08h00 hasta las 14h00 se ofertan hortalizas y legumbres frescas, donde a\u00fan se conserva la tradici\u00f3n ancestral del \u201cregateo y la yapa\u201d que entregan las productoras por cada compra; adem\u00e1s la oferta de frutas de temporada, carne de cuy, pollo y conejos faenados.<\/p>\n\n\n\n<p>De este trabajo se benefician productoras de diferentes asociaciones de las parroquias y comunidades de nuestro cant\u00f3n, quienes a trav\u00e9s de esta actividad fortalecen la econom\u00eda de sus familias.<\/p>\n","protected":false},"excerpt":{"rendered":"<p>El alcalde del ilustre Municipio del cant\u00f3n San Pedro de&hellip; <\/p>\n","protected":false},"author":1,"featured_media":2867,"comment_status":"closed","ping_status":"closed","sticky":false,"template":"","format":"standard","meta":{"footnotes":""},"categories":[9],"tags":[],"class_list":["post-2866","post","type-post","status-publish","format-standard","has-post-thumbnail","hentry","category-slider"],"_links":{"self":[{"href":"https:\/\/pelileo.gob.ec\/v3\/wp-json\/wp\/v2\/posts\/2866","targetHints":{"allow":["GET"]}}],"collection":[{"href":"https:\/\/pelileo.gob.ec\/v3\/wp-json\/wp\/v2\/posts"}],"about":[{"href":"https:\/\/pelileo.gob.ec\/v3\/wp-json\/wp\/v2\/types\/post"}],"author":[{"embeddable":true,"href":"https:\/\/pelileo.gob.ec\/v3\/wp-json\/wp\/v2\/users\/1"}],"replies":[{"embeddable":true,"href":"https:\/\/pelileo.gob.ec\/v3\/wp-json\/wp\/v2\/comments?post=2866"}],"version-history":[{"count":1,"href":"https:\/\/pelileo.gob.ec\/v3\/wp-json\/wp\/v2\/posts\/2866\/revisions"}],"predecessor-version":[{"id":2868,"href":"https:\/\/pelileo.gob.ec\/v3\/wp-json\/wp\/v2\/posts\/2866\/revisions\/2868"}],"wp:featuredmedia":[{"embeddable":true,"href":"https:\/\/pelileo.gob.ec\/v3\/wp-json\/wp\/v2\/media\/2867"}],"wp:attachment":[{"href":"https:\/\/pelileo.gob.ec\/v3\/wp-json\/wp\/v2\/media?parent=2866"}],"wp:term":[{"taxonomy":"category","embeddable":true,"href":"https:\/\/pelileo.gob.ec\/v3\/wp-json\/wp\/v2\/categories?post=2866"},{"taxonomy":"post_tag","embeddable":true,"href":"https:\/\/pelileo.gob.ec\/v3\/wp-json\/wp\/v2\/tags?post=2866"}],"curies":[{"name":"wp","href":"https:\/\/api.w.org\/{rel}","templated":true}]}}