{"id":2869,"date":"2023-11-13T08:55:18","date_gmt":"2023-11-13T13:55:18","guid":{"rendered":"https:\/\/pelileo.gob.ec\/portal\/?p=2869"},"modified":"2023-11-13T08:55:18","modified_gmt":"2023-11-13T13:55:18","slug":"%f0%9d%97%94%f0%9d%97%b9%f0%9d%97%b0%f0%9d%97%ae%f0%9d%97%b9%f0%9d%97%b1%f0%9d%97%b2-%f0%9d%98%83%f0%9d%97%b6%f0%9d%98%80%f0%9d%97%b6%f0%9d%98%81%f0%9d%97%ae-%f0%9d%97%b2%f0%9d%97%b9-%f0%9d%97%af","status":"publish","type":"post","link":"https:\/\/pelileo.gob.ec\/v3\/%f0%9d%97%94%f0%9d%97%b9%f0%9d%97%b0%f0%9d%97%ae%f0%9d%97%b9%f0%9d%97%b1%f0%9d%97%b2-%f0%9d%98%83%f0%9d%97%b6%f0%9d%98%80%f0%9d%97%b6%f0%9d%98%81%f0%9d%97%ae-%f0%9d%97%b2%f0%9d%97%b9-%f0%9d%97%af\/","title":{"rendered":"\ud835\uddd4\ud835\uddf9\ud835\uddf0\ud835\uddee\ud835\uddf9\ud835\uddf1\ud835\uddf2 \ud835\ude03\ud835\uddf6\ud835\ude00\ud835\uddf6\ud835\ude01\ud835\uddee \ud835\uddf2\ud835\uddf9 \ud835\uddef\ud835\uddee\ud835\uddff\ud835\uddff\ud835\uddf6\ud835\uddfc \ud835\uddd6\ud835\uddfc\ud835\uddfa\ud835\uddf2\ud835\uddff\ud835\uddf0\ud835\uddf6\ud835\uddee\ud835\uddf9 \ud835\uddfd\ud835\uddee\ud835\uddff\ud835\uddee \ud835\uddee\ud835\uddff\ud835\ude01\ud835\uddf6\ud835\uddf0\ud835\ude02\ud835\uddf9\ud835\uddee\ud835\uddff \ud835\uddee\ud835\uddf0\ud835\uddf0\ud835\uddf6\ud835\uddfc\ud835\uddfb\ud835\uddf2\ud835\ude00 \ud835\uddfd\ud835\uddee\ud835\uddff\ud835\uddee \ud835\ude00\ud835\ude02 \ud835\uddf1\ud835\uddf2\ud835\ude00\ud835\uddee\ud835\uddff\ud835\uddff\ud835\uddfc\ud835\uddf9\ud835\uddf9\ud835\uddfc"},"content":{"rendered":"\n<p>El alcalde del Ilustre Municipio del cant\u00f3n San Pedro de Pelileo, Dr. Gabriel Z\u00fa\u00f1iga, realiz\u00f3 una visita al barrio Comercial con el objetivo de articular acciones para su desarrollo y mejorar las condiciones de vida de sus habitantes.<\/p>\n\n\n\n<p>Durante el encuentro, el alcalde estuvo acompa\u00f1ado por concejales municipales, directores <a><\/a>departamentales y los moradores del barrio Comercial. La presencia del burgomaestre y su equipo de trabajo fue recibida con gratitud por parte de la comunidad, quienes valoraron el inter\u00e9s mostrado en conocer sus necesidades y proporcionar soluciones adecuadas y oportunas.<\/p>\n\n\n\n<p>En un ambiente de di\u00e1logo directo, los vecinos tuvieron la oportunidad de exponer sus requerimientos en diferentes \u00e1reas de desarrollo. Uno de los principales aspectos abordados fue la reactivaci\u00f3n del movimiento comercial en las dos alas de la plaza 12 de noviembre, la cual da nombre a este emblem\u00e1tico barrio. Los vecinos manifestaron la importancia de revitalizar esta actividad para dinamizar la econom\u00eda local y promover el crecimiento del sector.<\/p>\n\n\n\n<p>El alcalde Gabriel Z\u00fa\u00f1iga reafirm\u00f3 su compromiso y el de la administraci\u00f3n municipal que lidera para trabajar incansablemente en beneficio de los pelile\u00f1os. Destac\u00f3 la importancia de escuchar a la comunidad y canalizar sus necesidades en acciones concretas que contribuyan a mejorar su calidad de vida.<\/p>\n","protected":false},"excerpt":{"rendered":"<p>El alcalde del Ilustre Municipio del cant\u00f3n San Pedro de&hellip; <\/p>\n","protected":false},"author":1,"featured_media":2870,"comment_status":"closed","ping_status":"closed","sticky":false,"template":"","format":"standard","meta":{"footnotes":""},"categories":[9],"tags":[],"class_list":["post-2869","post","type-post","status-publish","format-standard","has-post-thumbnail","hentry","category-slider"],"_links":{"self":[{"href":"https:\/\/pelileo.gob.ec\/v3\/wp-json\/wp\/v2\/posts\/2869","targetHints":{"allow":["GET"]}}],"collection":[{"href":"https:\/\/pelileo.gob.ec\/v3\/wp-json\/wp\/v2\/posts"}],"about":[{"href":"https:\/\/pelileo.gob.ec\/v3\/wp-json\/wp\/v2\/types\/post"}],"author":[{"embeddable":true,"href":"https:\/\/pelileo.gob.ec\/v3\/wp-json\/wp\/v2\/users\/1"}],"replies":[{"embeddable":true,"href":"https:\/\/pelileo.gob.ec\/v3\/wp-json\/wp\/v2\/comments?post=2869"}],"version-history":[{"count":1,"href":"https:\/\/pelileo.gob.ec\/v3\/wp-json\/wp\/v2\/posts\/2869\/revisions"}],"predecessor-version":[{"id":2871,"href":"https:\/\/pelileo.gob.ec\/v3\/wp-json\/wp\/v2\/posts\/2869\/revisions\/2871"}],"wp:featuredmedia":[{"embeddable":true,"href":"https:\/\/pelileo.gob.ec\/v3\/wp-json\/wp\/v2\/media\/2870"}],"wp:attachment":[{"href":"https:\/\/pelileo.gob.ec\/v3\/wp-json\/wp\/v2\/media?parent=2869"}],"wp:term":[{"taxonomy":"category","embeddable":true,"href":"https:\/\/pelileo.gob.ec\/v3\/wp-json\/wp\/v2\/categories?post=2869"},{"taxonomy":"post_tag","embeddable":true,"href":"https:\/\/pelileo.gob.ec\/v3\/wp-json\/wp\/v2\/tags?post=2869"}],"curies":[{"name":"wp","href":"https:\/\/api.w.org\/{rel}","templated":true}]}}