{"id":2898,"date":"2023-11-17T10:19:40","date_gmt":"2023-11-17T15:19:40","guid":{"rendered":"https:\/\/pelileo.gob.ec\/portal\/?p=2898"},"modified":"2023-11-17T10:19:40","modified_gmt":"2023-11-17T15:19:40","slug":"%f0%9d%97%a9%f0%9d%97%b6%f0%9d%98%80%f0%9d%97%b6%f0%9d%98%81%f0%9d%97%ae-%f0%9d%97%b1%f0%9d%97%b2-%f0%9d%97%9a%f0%9d%97%b6%f0%9d%97%ae%f0%9d%97%b0%f0%9d%97%bc%f0%9d%97%ba%f0%9d%97%bc-%f0%9d%97%99","status":"publish","type":"post","link":"https:\/\/pelileo.gob.ec\/v3\/%f0%9d%97%a9%f0%9d%97%b6%f0%9d%98%80%f0%9d%97%b6%f0%9d%98%81%f0%9d%97%ae-%f0%9d%97%b1%f0%9d%97%b2-%f0%9d%97%9a%f0%9d%97%b6%f0%9d%97%ae%f0%9d%97%b0%f0%9d%97%bc%f0%9d%97%ba%f0%9d%97%bc-%f0%9d%97%99\/","title":{"rendered":"\ud835\udde9\ud835\uddf6\ud835\ude00\ud835\uddf6\ud835\ude01\ud835\uddee \ud835\uddf1\ud835\uddf2 \ud835\uddda\ud835\uddf6\ud835\uddee\ud835\uddf0\ud835\uddfc\ud835\uddfa\ud835\uddfc \ud835\uddd9\ud835\uddff\ud835\uddee\ud835\uddfb\ud835\uddf0\ud835\uddf2\ud835\ude00\ud835\uddf0\ud835\uddf5\ud835\uddf6\ud835\uddfb\ud835\uddf6 \ud835\uddf1\ud835\uddf2 \ud835\uddd4\ud835\uddd6\ud835\udde5\ud835\uddd4"},"content":{"rendered":"\n<p>\u00ab\ud835\uddd4\ud835\uddfd\ud835\uddfc\ud835\uddff\ud835\ude01\ud835\uddf2 \ud835\uddf6\ud835\ude01\ud835\uddee\ud835\uddf9\ud835\uddf6\ud835\uddee\ud835\uddfb\ud835\uddfc \ud835\ude06 \ud835\uddfd\ud835\uddf2\ud835\uddf9\ud835\uddf6\ud835\uddf9\ud835\uddf2\u00f1\ud835\uddfc \ud835\uddf3\ud835\uddfc\ud835\uddff\ud835\ude01\ud835\uddee\ud835\uddf9\ud835\uddf2\ud835\uddf0\ud835\uddf2 \ud835\uddfd\ud835\uddff\ud835\uddfc\ud835\uddf1\ud835\ude02\ud835\uddf0\ud835\uddf0\ud835\uddf6\u00f3\ud835\uddfb \ud835\uddee\ud835\uddf4\ud835\uddff\ud835\uddfc\ud835\uddf2\ud835\uddf0\ud835\uddfc\ud835\uddf9\u00f3\ud835\uddf4\ud835\uddf6\ud835\uddf0\ud835\uddee \ud835\ude00\ud835\uddfc\ud835\ude00\ud835\ude01\ud835\uddf2\ud835\uddfb\ud835\uddf6\ud835\uddef\ud835\uddf9\ud835\uddf2\u00bb<\/p>\n\n\n\n<p>En un emocionante encuentro en la feria de las biogranjas \u00abDe La Mata a la Olla\u00bb; Giacomo Franceschini, director de la Fundaci\u00f3n italiana ACRA, expres\u00f3 su entusiasmo al presenciar c\u00f3mo los recursos provenientes de la cooperaci\u00f3n internacional transforman la <a><\/a>calidad de vida de las productoras y ofertan productos saludables a la ciudadan\u00eda.<\/p>\n\n\n\n<p>La delegaci\u00f3n italiana comparti\u00f3 en la Plaza 12 de noviembre en Pelileo, donde quedaron impresionados por la diversidad de hortalizas, legumbres y frutas cultivadas de manera agroecol\u00f3gica. Estos productos libres de qu\u00edmicos t\u00f3xicos garantizan una alimentaci\u00f3n segura para los consumidores.<\/p>\n\n\n\n<p>Como parte del acuerdo de cooperaci\u00f3n, las productoras recibieron herramientas, mandiles, gorras y abono org\u00e1nico para mejorar su labor y fortalecer la econom\u00eda agr\u00edcola local. Este gesto demuestra el compromiso de las instituciones en generar bienestar para los agricultores y promover pr\u00e1cticas sostenibles.<\/p>\n\n\n\n<p>En agradecimiento, las productoras obsequiaron ponchos tradicionales ecuatorianos a los visitantes italianos y compartieron deliciosos platos preparados con sus propios productos. Esta experiencia resalta la importancia del trabajo conjunto y fortalece los v\u00ednculos entre ambas culturas.<\/p>\n\n\n\n<p>El Ilustre Municipio de San Pedro de Pelileo, presidido por el Dr. Gabriel Z\u00fa\u00f1iga, agradece el apoyo de la cooperaci\u00f3n italiana y reafirma su compromiso de promover la producci\u00f3n de agricultura limpia y el desarrollo sostenible en <a href=\"https:\/\/www.facebook.com\/hashtag\/pelileo?__eep__=6&amp;__cft__[0]=AZXfu2GMeVW7DVvJOx_0hnRQLdRWbA2W2Hr9n7AveoPy903Fm2IyM83Nfrvw81DsVqrDC8ETk8td32dklixsnZQtYArBEMzv6VWgWSwDhTxAoylR46zETokv-tZoJqnMiQmFtSRXljHCQWVA4UK27k5AaT60dv1P-wHx9Bx_ImoYdiMG3OugdRKuR3AIvgE6w8o&amp;__tn__=*NK-R\">#Pelileo<\/a>. Juntos, construimos un futuro pr\u00f3spero para nuestros agricultores y consumidores.<\/p>\n","protected":false},"excerpt":{"rendered":"<p>\u00ab\ud835\uddd4\ud835\uddfd\ud835\uddfc\ud835\uddff\ud835\ude01\ud835\uddf2 \ud835\uddf6\ud835\ude01\ud835\uddee\ud835\uddf9\ud835\uddf6\ud835\uddee\ud835\uddfb\ud835\uddfc \ud835\ude06 \ud835\uddfd\ud835\uddf2\ud835\uddf9\ud835\uddf6\ud835\uddf9\ud835\uddf2\u00f1\ud835\uddfc \ud835\uddf3\ud835\uddfc\ud835\uddff\ud835\ude01\ud835\uddee\ud835\uddf9\ud835\uddf2\ud835\uddf0\ud835\uddf2 \ud835\uddfd\ud835\uddff\ud835\uddfc\ud835\uddf1\ud835\ude02\ud835\uddf0\ud835\uddf0\ud835\uddf6\u00f3\ud835\uddfb \ud835\uddee\ud835\uddf4\ud835\uddff\ud835\uddfc\ud835\uddf2\ud835\uddf0\ud835\uddfc\ud835\uddf9\u00f3\ud835\uddf4\ud835\uddf6\ud835\uddf0\ud835\uddee \ud835\ude00\ud835\uddfc\ud835\ude00\ud835\ude01\ud835\uddf2\ud835\uddfb\ud835\uddf6\ud835\uddef\ud835\uddf9\ud835\uddf2\u00bb En un&hellip; <\/p>\n","protected":false},"author":1,"featured_media":2899,"comment_status":"closed","ping_status":"closed","sticky":false,"template":"","format":"standard","meta":{"footnotes":""},"categories":[9],"tags":[],"class_list":["post-2898","post","type-post","status-publish","format-standard","has-post-thumbnail","hentry","category-slider"],"_links":{"self":[{"href":"https:\/\/pelileo.gob.ec\/v3\/wp-json\/wp\/v2\/posts\/2898","targetHints":{"allow":["GET"]}}],"collection":[{"href":"https:\/\/pelileo.gob.ec\/v3\/wp-json\/wp\/v2\/posts"}],"about":[{"href":"https:\/\/pelileo.gob.ec\/v3\/wp-json\/wp\/v2\/types\/post"}],"author":[{"embeddable":true,"href":"https:\/\/pelileo.gob.ec\/v3\/wp-json\/wp\/v2\/users\/1"}],"replies":[{"embeddable":true,"href":"https:\/\/pelileo.gob.ec\/v3\/wp-json\/wp\/v2\/comments?post=2898"}],"version-history":[{"count":1,"href":"https:\/\/pelileo.gob.ec\/v3\/wp-json\/wp\/v2\/posts\/2898\/revisions"}],"predecessor-version":[{"id":2900,"href":"https:\/\/pelileo.gob.ec\/v3\/wp-json\/wp\/v2\/posts\/2898\/revisions\/2900"}],"wp:featuredmedia":[{"embeddable":true,"href":"https:\/\/pelileo.gob.ec\/v3\/wp-json\/wp\/v2\/media\/2899"}],"wp:attachment":[{"href":"https:\/\/pelileo.gob.ec\/v3\/wp-json\/wp\/v2\/media?parent=2898"}],"wp:term":[{"taxonomy":"category","embeddable":true,"href":"https:\/\/pelileo.gob.ec\/v3\/wp-json\/wp\/v2\/categories?post=2898"},{"taxonomy":"post_tag","embeddable":true,"href":"https:\/\/pelileo.gob.ec\/v3\/wp-json\/wp\/v2\/tags?post=2898"}],"curies":[{"name":"wp","href":"https:\/\/api.w.org\/{rel}","templated":true}]}}