{"id":2901,"date":"2023-11-22T08:58:19","date_gmt":"2023-11-22T13:58:19","guid":{"rendered":"https:\/\/pelileo.gob.ec\/portal\/?p=2901"},"modified":"2023-11-22T08:58:19","modified_gmt":"2023-11-22T13:58:19","slug":"%f0%9d%97%a0%f0%9d%98%82%f0%9d%97%bb%f0%9d%97%b6%f0%9d%97%b0%f0%9d%97%b6%f0%9d%97%bd%f0%9d%97%ae%f0%9d%97%b9%f0%9d%97%b6%f0%9d%97%b1%f0%9d%97%ae%f0%9d%97%b1-%f0%9d%97%b1%f0%9d%97%b2-%f0%9d%97%a6","status":"publish","type":"post","link":"https:\/\/pelileo.gob.ec\/v3\/%f0%9d%97%a0%f0%9d%98%82%f0%9d%97%bb%f0%9d%97%b6%f0%9d%97%b0%f0%9d%97%b6%f0%9d%97%bd%f0%9d%97%ae%f0%9d%97%b9%f0%9d%97%b6%f0%9d%97%b1%f0%9d%97%ae%f0%9d%97%b1-%f0%9d%97%b1%f0%9d%97%b2-%f0%9d%97%a6\/","title":{"rendered":"\ud835\udde0\ud835\ude02\ud835\uddfb\ud835\uddf6\ud835\uddf0\ud835\uddf6\ud835\uddfd\ud835\uddee\ud835\uddf9\ud835\uddf6\ud835\uddf1\ud835\uddee\ud835\uddf1 \ud835\uddf1\ud835\uddf2 \ud835\udde6\ud835\uddee\ud835\uddfb \ud835\udde3\ud835\uddf2\ud835\uddf1\ud835\uddff\ud835\uddfc \ud835\uddf1\ud835\uddf2 \ud835\udde3\ud835\uddf2\ud835\uddf9\ud835\uddf6\ud835\uddf9\ud835\uddf2\ud835\uddfc \ud835\ude00\ud835\uddf2 \ud835\uddf2\ud835\uddfb\ud835\uddf0\ud835\uddee\ud835\uddff\ud835\uddf4\ud835\uddee \ud835\uddf1\ud835\uddf2\ud835\uddf9 \ud835\uddf0\ud835\ude02\ud835\uddf6\ud835\uddf1\ud835\uddee\ud835\uddf1\ud835\uddfc \ud835\uddf1\ud835\uddf2\ud835\uddf9 \ud835\uddfc\ud835\uddff\ud835\uddfb\ud835\uddee\ud835\ude01\ud835\uddfc \ud835\uddf1\ud835\uddf2 \ud835\uddf9\ud835\uddee \ud835\uddf0\ud835\uddf6\ud835\ude02\ud835\uddf1\ud835\uddee\ud835\uddf1"},"content":{"rendered":"\n<p>El personal de la Unidad de mantenimiento de la Direcci\u00f3n de Obras P\u00fablicas del Ilustre Municipio de San Pedro de <a href=\"https:\/\/www.facebook.com\/hashtag\/pelileo?__eep__=6&amp;__cft__[0]=AZV_PrNlR5j9JxLNdR_LuG99Yh3M6LTMD5BZ57quc4ud7vMTm9W6IXyBGvQA3TzbySVjpc3qh7IMrsc7nae_hhFWcXTIWXcd8Zczl1OlLX-Kj86suvC3D2nojYQglijT60mvvdNYBWMamVd5uhyyhxnrC5kJgm8rj8vFDJRjVWr9eEmdd15LtZOxEbX72uUjxu4&amp;__tn__=*NK-R\">#Pelileo<\/a> lleva a cabo la limpieza de maleza en varios sectores de la ciudad, especialmente en las calles cercanas a las unidades educativas del casco central. El objetivo es garantizar espacios <a><\/a>seguros y adecuados para estudiantes, docentes y padres de familia.<\/p>\n\n\n\n<p>Marcelo Masabanda, jefe del personal municipal, explic\u00f3 que el retiro de escombros y maleza se realiza para mantener las calles limpias y con una mejor apariencia. Adem\u00e1s, se est\u00e1 complementando este trabajo con la limpieza y riego de las \u00e1reas verdes de los parques de la ciudad.<\/p>\n\n\n\n<p>Segundo L\u00f3pez, vecino del barrio Dar\u00edo Guevara, expres\u00f3 su agradecimiento por la gesti\u00f3n del alcalde Dr. Gabriel Z\u00fa\u00f1iga en la limpieza de su sector.<\/p>\n\n\n\n<p>Con el compromiso y trabajo conjunto, se est\u00e1n recuperando las aceras como espacios para la movilizaci\u00f3n segura de las personas. Por ello, se hace un llamado a los ciudadanos a colaborar mediante la limpieza de los frentes de sus casas para mantener la ciudad limpia y libre de malezas.<\/p>\n","protected":false},"excerpt":{"rendered":"<p>El personal de la Unidad de mantenimiento de la Direcci\u00f3n&hellip; <\/p>\n","protected":false},"author":1,"featured_media":2902,"comment_status":"closed","ping_status":"closed","sticky":false,"template":"","format":"standard","meta":{"footnotes":""},"categories":[9],"tags":[],"class_list":["post-2901","post","type-post","status-publish","format-standard","has-post-thumbnail","hentry","category-slider"],"_links":{"self":[{"href":"https:\/\/pelileo.gob.ec\/v3\/wp-json\/wp\/v2\/posts\/2901","targetHints":{"allow":["GET"]}}],"collection":[{"href":"https:\/\/pelileo.gob.ec\/v3\/wp-json\/wp\/v2\/posts"}],"about":[{"href":"https:\/\/pelileo.gob.ec\/v3\/wp-json\/wp\/v2\/types\/post"}],"author":[{"embeddable":true,"href":"https:\/\/pelileo.gob.ec\/v3\/wp-json\/wp\/v2\/users\/1"}],"replies":[{"embeddable":true,"href":"https:\/\/pelileo.gob.ec\/v3\/wp-json\/wp\/v2\/comments?post=2901"}],"version-history":[{"count":1,"href":"https:\/\/pelileo.gob.ec\/v3\/wp-json\/wp\/v2\/posts\/2901\/revisions"}],"predecessor-version":[{"id":2903,"href":"https:\/\/pelileo.gob.ec\/v3\/wp-json\/wp\/v2\/posts\/2901\/revisions\/2903"}],"wp:featuredmedia":[{"embeddable":true,"href":"https:\/\/pelileo.gob.ec\/v3\/wp-json\/wp\/v2\/media\/2902"}],"wp:attachment":[{"href":"https:\/\/pelileo.gob.ec\/v3\/wp-json\/wp\/v2\/media?parent=2901"}],"wp:term":[{"taxonomy":"category","embeddable":true,"href":"https:\/\/pelileo.gob.ec\/v3\/wp-json\/wp\/v2\/categories?post=2901"},{"taxonomy":"post_tag","embeddable":true,"href":"https:\/\/pelileo.gob.ec\/v3\/wp-json\/wp\/v2\/tags?post=2901"}],"curies":[{"name":"wp","href":"https:\/\/api.w.org\/{rel}","templated":true}]}}