{"id":2912,"date":"2023-12-04T11:21:05","date_gmt":"2023-12-04T16:21:05","guid":{"rendered":"https:\/\/pelileo.gob.ec\/portal\/?p=2912"},"modified":"2023-12-04T11:21:05","modified_gmt":"2023-12-04T16:21:05","slug":"220-%f0%9d%97%ba%f0%9d%97%b6%f0%9d%97%b9-%f0%9d%97%b1o%f0%9d%97%b9%f0%9d%97%ae%f0%9d%97%bf%f0%9d%97%b2%f0%9d%98%80-%f0%9d%97%b2%f0%9d%97%bb-%f0%9d%97%b0%f0%9d%97%bc%f0%9d%97%bb%f0%9d%98%83%f0%9d%97%b2","status":"publish","type":"post","link":"https:\/\/pelileo.gob.ec\/v3\/220-%f0%9d%97%ba%f0%9d%97%b6%f0%9d%97%b9-%f0%9d%97%b1o%f0%9d%97%b9%f0%9d%97%ae%f0%9d%97%bf%f0%9d%97%b2%f0%9d%98%80-%f0%9d%97%b2%f0%9d%97%bb-%f0%9d%97%b0%f0%9d%97%bc%f0%9d%97%bb%f0%9d%98%83%f0%9d%97%b2\/","title":{"rendered":"220 \ud835\uddfa\ud835\uddf6\ud835\uddf9 \ud835\uddf1\u00f3\ud835\uddf9\ud835\uddee\ud835\uddff\ud835\uddf2\ud835\ude00 \ud835\uddf2\ud835\uddfb \ud835\uddf0\ud835\uddfc\ud835\uddfb\ud835\ude03\ud835\uddf2\ud835\uddfb\ud835\uddf6\ud835\uddfc \ud835\uddf0\ud835\uddfc\ud835\uddfb \ud835\uddf2\ud835\uddf9 \ud835\uddda\ud835\uddfc\ud835\uddef\ud835\uddf6\ud835\uddf2\ud835\uddff\ud835\uddfb\ud835\uddfc \ud835\udde3\ud835\uddff\ud835\uddfc\ud835\ude03\ud835\uddf6\ud835\uddfb\ud835\uddf0\ud835\uddf6\ud835\uddee\ud835\uddf9 \ud835\uddfd\ud835\uddee\ud835\uddff\ud835\uddee \ud835\uddfa\ud835\uddf2\ud835\uddf7\ud835\uddfc\ud835\uddff\ud835\uddee\ud835\uddfa\ud835\uddf6\ud835\uddf2\ud835\uddfb\ud835\ude01\ud835\uddfc \ud835\ude03\ud835\uddf6\ud835\uddee\ud835\uddf9"},"content":{"rendered":"\n<p>El alcalde de San Pedro de Pelileo, Dr. Gabriel Z\u00fa\u00f1iga, se prepara para suscribir un importante convenio de cooperaci\u00f3n con el Honorable Gobierno Provincial de Tungurahua. Esta decisi\u00f3n fue consensuada durante la sesi\u00f3n ordinaria del Concejo Municipal, donde el cuerpo edilicio respald\u00f3 por unanimidad la iniciativa.<\/p>\n\n\n\n<p>El objetivo <a><\/a>principal de este convenio de cooperaci\u00f3n es el mejoramiento de las v\u00edas priorizadas en la periferia urbana de la ciudad. Se busca ampliar, asfaltar y mejorar diversas v\u00edas en sectores productivos del cant\u00f3n, con el fin de facilitar el traslado de productos agr\u00edcolas hacia los mercados locales y promover el desarrollo socioecon\u00f3mico en la zona.<\/p>\n\n\n\n<p>Para llevar a cabo este ambicioso proyecto, la municipalidad ha acordado transferir al Gobierno Provincial un aporte institucional de 220 mil d\u00f3lares como contraparte. Esta inversi\u00f3n permitir\u00e1 financiar las obras necesarias para el mejoramiento de las v\u00edas y garantizar su adecuado mantenimiento en el futuro.<\/p>\n\n\n\n<p>La firma de este convenio representa una colaboraci\u00f3n interinstitucional s\u00f3lida y comprometida entre el gobierno local y provincial. Ambas autoridades han demostrado su compromiso con el desarrollo y bienestar del cant\u00f3n y la provincia de Tungurahua.<\/p>\n\n\n\n<p>El alcalde Dr. Gabriel Z\u00fa\u00f1iga ha destacado que esta iniciativa es un paso importante para mejorar las condiciones de vida de los habitantes de las comunidades cercanas, as\u00ed como para fortalecer la econom\u00eda local. Adem\u00e1s, resalta que estas mejoras viales contribuir\u00e1n a fomentar un ambiente propicio para el crecimiento empresarial y la generaci\u00f3n de empleo en la regi\u00f3n.<\/p>\n\n\n\n<p>La firma de este convenio de cooperaci\u00f3n se convertir\u00e1 un claro ejemplo del compromiso y trabajo conjunto entre las autoridades locales y provinciales para garantizar una red vial eficiente y adecuada que beneficie a todos los habitantes del cant\u00f3n. Se espera que estas mejoras tengan un impacto positivo en la calidad de vida de la poblaci\u00f3n y contribuyan al desarrollo sostenible de la zona.<\/p>\n\n\n\n<p>Con esta iniciativa, el alcalde Dr. Gabriel Z\u00fa\u00f1iga reafirma su compromiso con la comunidad y su visi\u00f3n de convertir a Pelileo en una ciudad moderna, pr\u00f3spera y con infraestructuras adecuadas para el bienestar de todos sus habitantes.<\/p>\n","protected":false},"excerpt":{"rendered":"<p>El alcalde de San Pedro de Pelileo, Dr. Gabriel Z\u00fa\u00f1iga,&hellip; <\/p>\n","protected":false},"author":1,"featured_media":2913,"comment_status":"closed","ping_status":"closed","sticky":false,"template":"","format":"standard","meta":{"footnotes":""},"categories":[9],"tags":[],"class_list":["post-2912","post","type-post","status-publish","format-standard","has-post-thumbnail","hentry","category-slider"],"_links":{"self":[{"href":"https:\/\/pelileo.gob.ec\/v3\/wp-json\/wp\/v2\/posts\/2912","targetHints":{"allow":["GET"]}}],"collection":[{"href":"https:\/\/pelileo.gob.ec\/v3\/wp-json\/wp\/v2\/posts"}],"about":[{"href":"https:\/\/pelileo.gob.ec\/v3\/wp-json\/wp\/v2\/types\/post"}],"author":[{"embeddable":true,"href":"https:\/\/pelileo.gob.ec\/v3\/wp-json\/wp\/v2\/users\/1"}],"replies":[{"embeddable":true,"href":"https:\/\/pelileo.gob.ec\/v3\/wp-json\/wp\/v2\/comments?post=2912"}],"version-history":[{"count":1,"href":"https:\/\/pelileo.gob.ec\/v3\/wp-json\/wp\/v2\/posts\/2912\/revisions"}],"predecessor-version":[{"id":2914,"href":"https:\/\/pelileo.gob.ec\/v3\/wp-json\/wp\/v2\/posts\/2912\/revisions\/2914"}],"wp:featuredmedia":[{"embeddable":true,"href":"https:\/\/pelileo.gob.ec\/v3\/wp-json\/wp\/v2\/media\/2913"}],"wp:attachment":[{"href":"https:\/\/pelileo.gob.ec\/v3\/wp-json\/wp\/v2\/media?parent=2912"}],"wp:term":[{"taxonomy":"category","embeddable":true,"href":"https:\/\/pelileo.gob.ec\/v3\/wp-json\/wp\/v2\/categories?post=2912"},{"taxonomy":"post_tag","embeddable":true,"href":"https:\/\/pelileo.gob.ec\/v3\/wp-json\/wp\/v2\/tags?post=2912"}],"curies":[{"name":"wp","href":"https:\/\/api.w.org\/{rel}","templated":true}]}}