{"id":2915,"date":"2023-12-04T11:25:15","date_gmt":"2023-12-04T16:25:15","guid":{"rendered":"https:\/\/pelileo.gob.ec\/portal\/?p=2915"},"modified":"2023-12-04T11:25:15","modified_gmt":"2023-12-04T16:25:15","slug":"%f0%9d%97%94%f0%9d%97%b1%f0%9d%97%ba%f0%9d%97%b6%f0%9d%97%bb%f0%9d%97%b6%f0%9d%98%80%f0%9d%98%81%f0%9d%97%bf%f0%9d%97%ae%f0%9d%97%b0%f0%9d%97%b6o%f0%9d%97%bb-%f0%9d%97%ba%f0%9d%98%82%f0%9d%97%bb","status":"publish","type":"post","link":"https:\/\/pelileo.gob.ec\/v3\/%f0%9d%97%94%f0%9d%97%b1%f0%9d%97%ba%f0%9d%97%b6%f0%9d%97%bb%f0%9d%97%b6%f0%9d%98%80%f0%9d%98%81%f0%9d%97%bf%f0%9d%97%ae%f0%9d%97%b0%f0%9d%97%b6o%f0%9d%97%bb-%f0%9d%97%ba%f0%9d%98%82%f0%9d%97%bb\/","title":{"rendered":"\ud835\uddd4\ud835\uddf1\ud835\uddfa\ud835\uddf6\ud835\uddfb\ud835\uddf6\ud835\ude00\ud835\ude01\ud835\uddff\ud835\uddee\ud835\uddf0\ud835\uddf6\u00f3\ud835\uddfb \ud835\uddfa\ud835\ude02\ud835\uddfb\ud835\uddf6\ud835\uddf0\ud835\uddf6\ud835\uddfd\ud835\uddee\ud835\uddf9 \ud835\uddf0\ud835\ude02\ud835\uddf9\ud835\uddfa\ud835\uddf6\ud835\uddfb\ud835\uddee \ud835\uddf2\ud835\ude00\ud835\uddfd\ud835\uddee\ud835\uddf0\ud835\uddf6\ud835\uddfc \ud835\uddff\ud835\uddf2\ud835\uddf0\ud835\uddff\ud835\uddf2\ud835\uddee\ud835\ude01\ud835\uddf6\ud835\ude03\ud835\uddfc \ud835\uddf2\ud835\uddfb \ud835\udddb\ud835\ude02\ud835\uddee\ud835\uddfa\ud835\uddef\ud835\uddee\ud835\uddf9\u00f3."},"content":{"rendered":"\n<p>T\u00e9cnicos de la Direcci\u00f3n de Obras P\u00fablicas del Ilustre Municipio de San Pedro de <a href=\"https:\/\/www.facebook.com\/hashtag\/pelileo?__eep__=6&amp;__cft__[0]=AZWPRhhMTXjXz8IG-X7fBqGDMmjnRRjdfc76gFEeKfN8FMwyTdHOYwEvOyKBPiDm5DCY8_TtGBDYVr-Wv3vu6VttQrul3DOVKBbqY7WQtpnSIzhIwCLCwB6ecqB5hHDQh2m1a7FeGRIsX9bnq2HY_Teowlf9r0eSFbxTh0IAK-_7_hufX5bEZWUfULabQYOFCLs&amp;__tn__=*NK-R\">#Pelileo<\/a>, en colaboraci\u00f3n con el contratista y las autoridades del Gobierno parroquial de <a href=\"https:\/\/www.facebook.com\/hashtag\/huambal%C3%B3?__eep__=6&amp;__cft__[0]=AZWPRhhMTXjXz8IG-X7fBqGDMmjnRRjdfc76gFEeKfN8FMwyTdHOYwEvOyKBPiDm5DCY8_TtGBDYVr-Wv3vu6VttQrul3DOVKBbqY7WQtpnSIzhIwCLCwB6ecqB5hHDQh2m1a7FeGRIsX9bnq2HY_Teowlf9r0eSFbxTh0IAK-_7_hufX5bEZWUfULabQYOFCLs&amp;__tn__=*NK-R\">#Huambal\u00f3<\/a>, llevaron a cabo una inspecci\u00f3n exhaustiva de los trabajos realizados en el espacio recreativo del centro parroquial. El objetivo de esta inspecci\u00f3n es asegurar que la <a><\/a>intervenci\u00f3n cumpla con todas las especificaciones t\u00e9cnicas establecidas en los contratos correspondientes.<\/p>\n\n\n\n<p>El alcalde Gabriel Z\u00fa\u00f1iga, preocupado por generar obras de calidad para la ciudadan\u00eda ha realizado la supervisi\u00f3n permanente a estos trabajos, por ello, nos complace informar que esta importante obra ha sido culminada en su totalidad por la presente administraci\u00f3n municipal. Sin embargo, antes de proceder con la recepci\u00f3n provisional, se han identificado varias observaciones que deben ser subsanadas por parte del constructor en un plazo m\u00e1ximo de 10 d\u00edas. Estas correcciones se consideran requisitos indispensables para poder suscribir el acta de entrega provisional de la construcci\u00f3n, garantizando as\u00ed que est\u00e9 completamente satisfactoria y lista para ser utilizada por la ciudadan\u00eda.<\/p>\n\n\n\n<p>Agradecemos a todos los involucrados en este proyecto por su dedicaci\u00f3n y compromiso para llevar a cabo esta importante mejora en nuestra comunidad. Una vez que se completen las correcciones requeridas, esperamos poder realizar la entrega oficial y dar inicio a una nueva etapa llena de recreaci\u00f3n y disfrute para todos los habitantes de Huambal\u00f3.<\/p>\n","protected":false},"excerpt":{"rendered":"<p>T\u00e9cnicos de la Direcci\u00f3n de Obras P\u00fablicas del Ilustre Municipio&hellip; <\/p>\n","protected":false},"author":1,"featured_media":2916,"comment_status":"closed","ping_status":"closed","sticky":false,"template":"","format":"standard","meta":{"footnotes":""},"categories":[9],"tags":[],"class_list":["post-2915","post","type-post","status-publish","format-standard","has-post-thumbnail","hentry","category-slider"],"_links":{"self":[{"href":"https:\/\/pelileo.gob.ec\/v3\/wp-json\/wp\/v2\/posts\/2915","targetHints":{"allow":["GET"]}}],"collection":[{"href":"https:\/\/pelileo.gob.ec\/v3\/wp-json\/wp\/v2\/posts"}],"about":[{"href":"https:\/\/pelileo.gob.ec\/v3\/wp-json\/wp\/v2\/types\/post"}],"author":[{"embeddable":true,"href":"https:\/\/pelileo.gob.ec\/v3\/wp-json\/wp\/v2\/users\/1"}],"replies":[{"embeddable":true,"href":"https:\/\/pelileo.gob.ec\/v3\/wp-json\/wp\/v2\/comments?post=2915"}],"version-history":[{"count":1,"href":"https:\/\/pelileo.gob.ec\/v3\/wp-json\/wp\/v2\/posts\/2915\/revisions"}],"predecessor-version":[{"id":2917,"href":"https:\/\/pelileo.gob.ec\/v3\/wp-json\/wp\/v2\/posts\/2915\/revisions\/2917"}],"wp:featuredmedia":[{"embeddable":true,"href":"https:\/\/pelileo.gob.ec\/v3\/wp-json\/wp\/v2\/media\/2916"}],"wp:attachment":[{"href":"https:\/\/pelileo.gob.ec\/v3\/wp-json\/wp\/v2\/media?parent=2915"}],"wp:term":[{"taxonomy":"category","embeddable":true,"href":"https:\/\/pelileo.gob.ec\/v3\/wp-json\/wp\/v2\/categories?post=2915"},{"taxonomy":"post_tag","embeddable":true,"href":"https:\/\/pelileo.gob.ec\/v3\/wp-json\/wp\/v2\/tags?post=2915"}],"curies":[{"name":"wp","href":"https:\/\/api.w.org\/{rel}","templated":true}]}}