{"id":2921,"date":"2023-12-04T11:33:29","date_gmt":"2023-12-04T16:33:29","guid":{"rendered":"https:\/\/pelileo.gob.ec\/portal\/?p=2921"},"modified":"2023-12-04T11:33:29","modified_gmt":"2023-12-04T16:33:29","slug":"%f0%9d%97%96%f0%9d%97%a2%f0%9d%97%98-%f0%9d%97%b0%f0%9d%97%ae%f0%9d%97%bb%f0%9d%98%81%f0%9d%97%bc%f0%9d%97%bb%f0%9d%97%ae%f0%9d%97%b9-%f0%9d%97%b4%f0%9d%97%ae%f0%9d%97%bf%f0%9d%97%ae%f0%9d%97%bb","status":"publish","type":"post","link":"https:\/\/pelileo.gob.ec\/v3\/%f0%9d%97%96%f0%9d%97%a2%f0%9d%97%98-%f0%9d%97%b0%f0%9d%97%ae%f0%9d%97%bb%f0%9d%98%81%f0%9d%97%bc%f0%9d%97%bb%f0%9d%97%ae%f0%9d%97%b9-%f0%9d%97%b4%f0%9d%97%ae%f0%9d%97%bf%f0%9d%97%ae%f0%9d%97%bb\/","title":{"rendered":"\ud835\uddd6\ud835\udde2\ud835\uddd8 \ud835\uddf0\ud835\uddee\ud835\uddfb\ud835\ude01\ud835\uddfc\ud835\uddfb\ud835\uddee\ud835\uddf9 \ud835\uddf4\ud835\uddee\ud835\uddff\ud835\uddee\ud835\uddfb\ud835\ude01\ud835\uddf6\ud835\ude07\ud835\uddee\ud835\uddff\u00e1 \ud835\uddf9\ud835\uddee \ud835\uddfa\ud835\uddee\ud835\uddff\ud835\uddf0\ud835\uddf5\ud835\uddee \ud835\uddfd\ud835\uddfc\ud835\uddff \ud835\uddf9\ud835\uddee \ud835\uddfd\ud835\uddee\ud835\ude07 \ud835\ude06 \ud835\ude00\ud835\uddf2\ud835\uddf4\ud835\ude02\ud835\uddff\ud835\uddf6\ud835\uddf1\ud835\uddee\ud835\uddf1 \ud835\uddf0\ud835\uddf6\ud835\ude02\ud835\uddf1\ud835\uddee\ud835\uddf1\ud835\uddee\ud835\uddfb\ud835\uddee"},"content":{"rendered":"\n<p>El alcalde de Pelileo, Dr. Gabriel Z\u00fa\u00f1iga, en su calidad de Presidente del COE cantonal, lider\u00f3 la reuni\u00f3n de este organismo local, a fin de establecer importantes determinaciones que garanticen la seguridad y normal desarrollo de la \ud835\uddfa\ud835\uddee\ud835\uddff\ud835\uddf0\ud835\uddf5\ud835\uddee \ud835\uddfd\ud835\uddfc\ud835\uddff \ud835\uddf9\ud835\uddee \ud835\uddfd\ud835\uddee\ud835\ude07 \ud835\ude06 \ud835\ude00\ud835\uddf2\ud835\uddf4\ud835\ude02\ud835\uddff\ud835\uddf6\ud835\uddf1\ud835\uddee\ud835\uddf1 \ud835\uddf0\ud835\uddf6\ud835\ude02\ud835\uddf1\ud835\uddee\ud835\uddf1\ud835\uddee\ud835\uddfb\ud835\uddee, que se realizar\u00e1 el pr\u00f3ximo martes 5 de <a><\/a>diciembre por las calles de la ciudad.<\/p>\n\n\n\n<p>Los representantes de los organismos b\u00e1sicos de control, prestar\u00e1n su contingente a lo largo del recorrido, garantizando de esta manera que los participantes puedan recorrer y expresar sus ideas libremente, en el marco del respeto y la consideraci\u00f3n.<\/p>\n","protected":false},"excerpt":{"rendered":"<p>El alcalde de Pelileo, Dr. Gabriel Z\u00fa\u00f1iga, en su calidad&hellip; <\/p>\n","protected":false},"author":1,"featured_media":2922,"comment_status":"closed","ping_status":"closed","sticky":false,"template":"","format":"standard","meta":{"footnotes":""},"categories":[9],"tags":[],"class_list":["post-2921","post","type-post","status-publish","format-standard","has-post-thumbnail","hentry","category-slider"],"_links":{"self":[{"href":"https:\/\/pelileo.gob.ec\/v3\/wp-json\/wp\/v2\/posts\/2921","targetHints":{"allow":["GET"]}}],"collection":[{"href":"https:\/\/pelileo.gob.ec\/v3\/wp-json\/wp\/v2\/posts"}],"about":[{"href":"https:\/\/pelileo.gob.ec\/v3\/wp-json\/wp\/v2\/types\/post"}],"author":[{"embeddable":true,"href":"https:\/\/pelileo.gob.ec\/v3\/wp-json\/wp\/v2\/users\/1"}],"replies":[{"embeddable":true,"href":"https:\/\/pelileo.gob.ec\/v3\/wp-json\/wp\/v2\/comments?post=2921"}],"version-history":[{"count":1,"href":"https:\/\/pelileo.gob.ec\/v3\/wp-json\/wp\/v2\/posts\/2921\/revisions"}],"predecessor-version":[{"id":2923,"href":"https:\/\/pelileo.gob.ec\/v3\/wp-json\/wp\/v2\/posts\/2921\/revisions\/2923"}],"wp:featuredmedia":[{"embeddable":true,"href":"https:\/\/pelileo.gob.ec\/v3\/wp-json\/wp\/v2\/media\/2922"}],"wp:attachment":[{"href":"https:\/\/pelileo.gob.ec\/v3\/wp-json\/wp\/v2\/media?parent=2921"}],"wp:term":[{"taxonomy":"category","embeddable":true,"href":"https:\/\/pelileo.gob.ec\/v3\/wp-json\/wp\/v2\/categories?post=2921"},{"taxonomy":"post_tag","embeddable":true,"href":"https:\/\/pelileo.gob.ec\/v3\/wp-json\/wp\/v2\/tags?post=2921"}],"curies":[{"name":"wp","href":"https:\/\/api.w.org\/{rel}","templated":true}]}}