{"id":2924,"date":"2023-12-06T10:34:39","date_gmt":"2023-12-06T15:34:39","guid":{"rendered":"https:\/\/pelileo.gob.ec\/portal\/?p=2924"},"modified":"2023-12-06T10:34:39","modified_gmt":"2023-12-06T15:34:39","slug":"%f0%9d%97%98%f0%9d%97%ba%f0%9d%97%bc%f0%9d%98%81%f0%9d%97%b6%f0%9d%98%83%f0%9d%97%ae-%f0%9d%97%b0%f0%9d%97%bc%f0%9d%97%bb%f0%9d%97%ba%f0%9d%97%b2%f0%9d%97%ba%f0%9d%97%bc%f0%9d%97%bf%f0%9d%97%ae","status":"publish","type":"post","link":"https:\/\/pelileo.gob.ec\/v3\/%f0%9d%97%98%f0%9d%97%ba%f0%9d%97%bc%f0%9d%98%81%f0%9d%97%b6%f0%9d%98%83%f0%9d%97%ae-%f0%9d%97%b0%f0%9d%97%bc%f0%9d%97%bb%f0%9d%97%ba%f0%9d%97%b2%f0%9d%97%ba%f0%9d%97%bc%f0%9d%97%bf%f0%9d%97%ae\/","title":{"rendered":"\ud835\uddd8\ud835\uddfa\ud835\uddfc\ud835\ude01\ud835\uddf6\ud835\ude03\ud835\uddee \ud835\uddf0\ud835\uddfc\ud835\uddfb\ud835\uddfa\ud835\uddf2\ud835\uddfa\ud835\uddfc\ud835\uddff\ud835\uddee\ud835\uddf0\ud835\uddf6\u00f3\ud835\uddfb \ud835\uddfd\ud835\uddfc\ud835\uddff \ud835\uddf2\ud835\uddf9 \u201c\ud835\uddd7\u00ed\ud835\uddee \ud835\uddf1\ud835\uddf2 \ud835\uddf9\ud835\uddee\ud835\ude00 \ud835\uddfd\ud835\uddf2\ud835\uddff\ud835\ude00\ud835\uddfc\ud835\uddfb\ud835\uddee\ud835\ude00 \ud835\uddf0\ud835\uddfc\ud835\uddfb \ud835\uddf1\ud835\uddf6\ud835\ude00\ud835\uddf0\ud835\uddee\ud835\uddfd\ud835\uddee\ud835\uddf0\ud835\uddf6\ud835\uddf1\ud835\uddee\ud835\uddf1\u201d \ud835\uddf2\ud835\uddfb \ud835\uddf9\ud835\uddee \ud835\udde8\ud835\uddfb\ud835\uddf6\ud835\uddf1\ud835\uddee\ud835\uddf1 \ud835\uddd8\ud835\uddf1\ud835\ude02\ud835\uddf0\ud835\uddee\ud835\ude01\ud835\uddf6\ud835\ude03\ud835\uddee \ud835\udde3\ud835\uddf2\ud835\uddf9\ud835\uddf6\ud835\uddf9\ud835\uddf2\ud835\uddfc"},"content":{"rendered":"\n<p>El alcalde del cant\u00f3n San Pedro de Pelileo &#8211; Dr. Gabriel Z\u00fa\u00f1iga, comparti\u00f3 con padres de familia, estudiantes, autoridades y docentes de la Unidad Educativa Pelileo, las actividades programadas por esta instituci\u00f3n y la Unidad Distrital de Apoyo a la Inclusi\u00f3n del Distrito educativo <a><\/a>18D04, con motivo del \u201c\ud835\uddd7\u00ed\ud835\uddee \ud835\uddf6\ud835\uddfb\ud835\ude01\ud835\uddf2\ud835\uddff\ud835\uddfb\ud835\uddee\ud835\uddf0\ud835\uddf6\ud835\uddfc\ud835\uddfb\ud835\uddee\ud835\uddf9 \ud835\uddf1\ud835\uddf2 \ud835\uddf9\ud835\uddee\ud835\ude00 \ud835\uddfd\ud835\uddf2\ud835\uddff\ud835\ude00\ud835\uddfc\ud835\uddfb\ud835\uddee\ud835\ude00 \ud835\uddf0\ud835\uddfc\ud835\uddfb \ud835\uddf1\ud835\uddf6\ud835\ude00\ud835\uddf0\ud835\uddee\ud835\uddfd\ud835\uddee\ud835\uddf0\ud835\uddf6\ud835\uddf1\ud835\uddee\ud835\uddf1\u201d.<\/p>\n\n\n\n<p>Durante el evento, la primera autoridad municipal destac\u00f3 la fortaleza de las personas con discapacidad para enfrentar a la vida con entereza a pesar de los obst\u00e1culos, constituy\u00e9ndose en un claro ejemplo de lucha y perseverancia. Posteriormente se inauguraron los juegos deportivos de la instituci\u00f3n y se presentaron varias carpas informativas con temas referentes a la discapacidad.<\/p>\n","protected":false},"excerpt":{"rendered":"<p>El alcalde del cant\u00f3n San Pedro de Pelileo &#8211; Dr.&hellip; <\/p>\n","protected":false},"author":1,"featured_media":2925,"comment_status":"closed","ping_status":"closed","sticky":false,"template":"","format":"standard","meta":{"footnotes":""},"categories":[9],"tags":[],"class_list":["post-2924","post","type-post","status-publish","format-standard","has-post-thumbnail","hentry","category-slider"],"_links":{"self":[{"href":"https:\/\/pelileo.gob.ec\/v3\/wp-json\/wp\/v2\/posts\/2924","targetHints":{"allow":["GET"]}}],"collection":[{"href":"https:\/\/pelileo.gob.ec\/v3\/wp-json\/wp\/v2\/posts"}],"about":[{"href":"https:\/\/pelileo.gob.ec\/v3\/wp-json\/wp\/v2\/types\/post"}],"author":[{"embeddable":true,"href":"https:\/\/pelileo.gob.ec\/v3\/wp-json\/wp\/v2\/users\/1"}],"replies":[{"embeddable":true,"href":"https:\/\/pelileo.gob.ec\/v3\/wp-json\/wp\/v2\/comments?post=2924"}],"version-history":[{"count":1,"href":"https:\/\/pelileo.gob.ec\/v3\/wp-json\/wp\/v2\/posts\/2924\/revisions"}],"predecessor-version":[{"id":2926,"href":"https:\/\/pelileo.gob.ec\/v3\/wp-json\/wp\/v2\/posts\/2924\/revisions\/2926"}],"wp:featuredmedia":[{"embeddable":true,"href":"https:\/\/pelileo.gob.ec\/v3\/wp-json\/wp\/v2\/media\/2925"}],"wp:attachment":[{"href":"https:\/\/pelileo.gob.ec\/v3\/wp-json\/wp\/v2\/media?parent=2924"}],"wp:term":[{"taxonomy":"category","embeddable":true,"href":"https:\/\/pelileo.gob.ec\/v3\/wp-json\/wp\/v2\/categories?post=2924"},{"taxonomy":"post_tag","embeddable":true,"href":"https:\/\/pelileo.gob.ec\/v3\/wp-json\/wp\/v2\/tags?post=2924"}],"curies":[{"name":"wp","href":"https:\/\/api.w.org\/{rel}","templated":true}]}}