{"id":2927,"date":"2023-12-06T10:38:11","date_gmt":"2023-12-06T15:38:11","guid":{"rendered":"https:\/\/pelileo.gob.ec\/portal\/?p=2927"},"modified":"2023-12-06T10:38:11","modified_gmt":"2023-12-06T15:38:11","slug":"%f0%9d%97%a3%f0%9d%97%b2%f0%9d%97%b9%f0%9d%97%b6%f0%9d%97%b9%f0%9d%97%b2n%f0%9d%97%bc%f0%9d%98%80-%f0%9d%97%b0%f0%9d%97%bc%f0%9d%97%ba%f0%9d%97%bd%f0%9d%97%bf%f0%9d%97%bc%f0%9d%97%ba%f0%9d%97%b2","status":"publish","type":"post","link":"https:\/\/pelileo.gob.ec\/v3\/%f0%9d%97%a3%f0%9d%97%b2%f0%9d%97%b9%f0%9d%97%b6%f0%9d%97%b9%f0%9d%97%b2n%f0%9d%97%bc%f0%9d%98%80-%f0%9d%97%b0%f0%9d%97%bc%f0%9d%97%ba%f0%9d%97%bd%f0%9d%97%bf%f0%9d%97%bc%f0%9d%97%ba%f0%9d%97%b2\/","title":{"rendered":"\ud835\udde3\ud835\uddf2\ud835\uddf9\ud835\uddf6\ud835\uddf9\ud835\uddf2\u00f1\ud835\uddfc\ud835\ude00 \ud835\uddf0\ud835\uddfc\ud835\uddfa\ud835\uddfd\ud835\uddff\ud835\uddfc\ud835\uddfa\ud835\uddf2\ud835\ude01\ud835\uddf6\ud835\uddf1\ud835\uddfc\ud835\ude00 \ud835\uddf2\ud835\uddfb \ud835\uddf1\ud835\uddf2\ud835\uddf3\ud835\uddf2\ud835\uddfb\ud835\uddf1\ud835\uddf2\ud835\uddff \ud835\uddf9\ud835\uddee \ud835\ude00\ud835\uddf2\ud835\uddf4\ud835\ude02\ud835\uddff\ud835\uddf6\ud835\uddf1\ud835\uddee\ud835\uddf1 \ud835\uddf0\ud835\uddf6\ud835\ude02\ud835\uddf1\ud835\uddee\ud835\uddf1\ud835\uddee\ud835\uddfb\ud835\uddee \ud835\uddf7\ud835\ude02\ud835\uddfb\ud835\ude01\ud835\uddfc \ud835\uddf0\ud835\uddfc\ud835\uddfb \ud835\uddf2\ud835\uddf9 \ud835\uddd4\ud835\uddf9\ud835\uddf0\ud835\uddee\ud835\uddf9\ud835\uddf1\ud835\uddf2"},"content":{"rendered":"\n<p>\u201cEl Pueblo unido jam\u00e1s ser\u00e1 vencido\u201d, fue la frase que retumb\u00f3 por las calles de Pelileo durante la \ud835\uddfa\ud835\uddee\ud835\uddff\ud835\uddf0\ud835\uddf5\ud835\uddee \ud835\uddfd\ud835\uddfc\ud835\uddff \ud835\uddf9\ud835\uddee \ud835\uddfd\ud835\uddee\ud835\ude07 \ud835\ude06 \ud835\uddf9\ud835\uddee \ud835\ude00\ud835\uddf2\ud835\uddf4\ud835\ude02\ud835\uddff\ud835\uddf6\ud835\uddf1\ud835\uddee\ud835\uddf1 que convoc\u00f3 alrededor de cinco mil pelile\u00f1os de las diferentes parroquias y comunidades del sector rural, as\u00ed tambi\u00e9n de los barrios de la zona urbana de Pelileo.<\/p>\n\n\n\n<p>El <a><\/a>alcalde del Ilustre Municipio del cant\u00f3n San Pedro de Pelileo &#8211; Dr. Gabriel Z\u00fa\u00f1iga agradeci\u00f3 la \ud835\ude02\ud835\uddfb\ud835\uddf6\ud835\uddf1\ud835\uddee\ud835\uddf1 \ud835\ude06 \ud835\uddf0\ud835\uddfc\ud835\uddfa\ud835\uddfd\ud835\uddff\ud835\uddfc\ud835\uddfa\ud835\uddf6\ud835\ude00\ud835\uddfc \ud835\uddf1\ud835\uddf2 \ud835\uddf9\ud835\uddee \ud835\uddf0\ud835\uddf6\ud835\ude02\ud835\uddf1\ud835\uddee\ud835\uddf1\ud835\uddee\ud835\uddfb\u00ed\ud835\uddee, para vencer el peligro y cuidar la paz a fin de garantizar el bien m\u00e1s preciado de la humanidad como es la vida.<\/p>\n\n\n\n<p>El burgomaestre ratific\u00f3 el compromiso de la instituci\u00f3n municipal para articular acciones con los organismos vinculados al \u00e1mbito de la seguridad a escala nacional, para incrementar los controles en todo el cant\u00f3n y mantener la seguridad que permita fortalecer el trabajo honrado de la ciudadan\u00eda para caminar juntos hacia el desarrollo y la prosperidad.<\/p>\n","protected":false},"excerpt":{"rendered":"<p>\u201cEl Pueblo unido jam\u00e1s ser\u00e1 vencido\u201d, fue la frase que&hellip; <\/p>\n","protected":false},"author":1,"featured_media":2928,"comment_status":"closed","ping_status":"closed","sticky":false,"template":"","format":"standard","meta":{"footnotes":""},"categories":[9],"tags":[],"class_list":["post-2927","post","type-post","status-publish","format-standard","has-post-thumbnail","hentry","category-slider"],"_links":{"self":[{"href":"https:\/\/pelileo.gob.ec\/v3\/wp-json\/wp\/v2\/posts\/2927","targetHints":{"allow":["GET"]}}],"collection":[{"href":"https:\/\/pelileo.gob.ec\/v3\/wp-json\/wp\/v2\/posts"}],"about":[{"href":"https:\/\/pelileo.gob.ec\/v3\/wp-json\/wp\/v2\/types\/post"}],"author":[{"embeddable":true,"href":"https:\/\/pelileo.gob.ec\/v3\/wp-json\/wp\/v2\/users\/1"}],"replies":[{"embeddable":true,"href":"https:\/\/pelileo.gob.ec\/v3\/wp-json\/wp\/v2\/comments?post=2927"}],"version-history":[{"count":1,"href":"https:\/\/pelileo.gob.ec\/v3\/wp-json\/wp\/v2\/posts\/2927\/revisions"}],"predecessor-version":[{"id":2929,"href":"https:\/\/pelileo.gob.ec\/v3\/wp-json\/wp\/v2\/posts\/2927\/revisions\/2929"}],"wp:featuredmedia":[{"embeddable":true,"href":"https:\/\/pelileo.gob.ec\/v3\/wp-json\/wp\/v2\/media\/2928"}],"wp:attachment":[{"href":"https:\/\/pelileo.gob.ec\/v3\/wp-json\/wp\/v2\/media?parent=2927"}],"wp:term":[{"taxonomy":"category","embeddable":true,"href":"https:\/\/pelileo.gob.ec\/v3\/wp-json\/wp\/v2\/categories?post=2927"},{"taxonomy":"post_tag","embeddable":true,"href":"https:\/\/pelileo.gob.ec\/v3\/wp-json\/wp\/v2\/tags?post=2927"}],"curies":[{"name":"wp","href":"https:\/\/api.w.org\/{rel}","templated":true}]}}