{"id":2930,"date":"2023-12-08T08:17:45","date_gmt":"2023-12-08T13:17:45","guid":{"rendered":"https:\/\/pelileo.gob.ec\/portal\/?p=2930"},"modified":"2023-12-08T08:17:45","modified_gmt":"2023-12-08T13:17:45","slug":"%f0%9d%97%a3%f0%9d%97%b2%f0%9d%97%b9%f0%9d%97%b6%f0%9d%97%b9%f0%9d%97%b2%f0%9d%97%bc-%f0%9d%97%b2%f0%9d%97%bb%f0%9d%97%b0%f0%9d%97%b6%f0%9d%97%b2%f0%9d%97%bb%f0%9d%97%b1%f0%9d%97%b2-%f0%9d%98%80","status":"publish","type":"post","link":"https:\/\/pelileo.gob.ec\/v3\/%f0%9d%97%a3%f0%9d%97%b2%f0%9d%97%b9%f0%9d%97%b6%f0%9d%97%b9%f0%9d%97%b2%f0%9d%97%bc-%f0%9d%97%b2%f0%9d%97%bb%f0%9d%97%b0%f0%9d%97%b6%f0%9d%97%b2%f0%9d%97%bb%f0%9d%97%b1%f0%9d%97%b2-%f0%9d%98%80\/","title":{"rendered":"\ud835\udde3\ud835\uddf2\ud835\uddf9\ud835\uddf6\ud835\uddf9\ud835\uddf2\ud835\uddfc \ud835\uddf2\ud835\uddfb\ud835\uddf0\ud835\uddf6\ud835\uddf2\ud835\uddfb\ud835\uddf1\ud835\uddf2 \ud835\ude00\ud835\ude02 \ud835\uddf2\ud835\ude00\ud835\uddfd\u00ed\ud835\uddff\ud835\uddf6\ud835\ude01\ud835\ude02 \ud835\uddfb\ud835\uddee\ud835\ude03\ud835\uddf6\ud835\uddf1\ud835\uddf2\u00f1\ud835\uddfc"},"content":{"rendered":"\n<p>Como en las grandes ciudades del pa\u00eds, <a href=\"https:\/\/www.facebook.com\/hashtag\/pelileo?__eep__=6&amp;__cft__[0]=AZWJwyiOjknhFV25Ak2ItkBr3UbbuUVVTn_FKtWpolvJm4IwVLXIUhWFd5HKQnGmwwyGN63VvZaa7oBB_sRdiQOqZUTQ3Ke8XS8Y6JmBjVvNqpbqNlUs83rMPv_Yb6SO_ldPKHOxBMvsGVTA3X4ZFtbYs0FBsmihXNlwZQJcfJ0FEiSTOZyvRGJ2Xlqs5svXuhA&amp;__tn__=*NK-R\">#Pelileo<\/a> se visti\u00f3 de magia y alegr\u00eda durante el encendido de luces del \u00e1rbol y alegor\u00edas navide\u00f1as ubicadas en el parque 5 de agosto, como s\u00edmbolo de la unidad de la ciudadan\u00eda en torno a esta celebraci\u00f3n.<\/p>\n\n\n\n<p>En un hecho sin precedentes, miles de pelile\u00f1os de la zona urbana y rural se unieron con regocijo a este encuentro familiar liderado por el alcalde Gabriel <a><\/a>Z\u00fa\u00f1iga y su equipo de concejales, quienes ofrecieron a la ciudadan\u00eda este espacio p\u00fablico completamente iluminado de esplendor sin representar ning\u00fan costo para la municipalidad.<\/p>\n\n\n\n<p>En medio de la algarab\u00eda y emoci\u00f3n de los asistentes, la autoridad municipal activ\u00f3 el sistema de iluminaci\u00f3n, invitando a la ciudadan\u00eda a vivir esta \u00e9poca en un ambiente de paz y de armon\u00eda, porque esa es la esencia de la navidad.<\/p>\n","protected":false},"excerpt":{"rendered":"<p>Como en las grandes ciudades del pa\u00eds, #Pelileo se visti\u00f3&hellip; <\/p>\n","protected":false},"author":1,"featured_media":2931,"comment_status":"closed","ping_status":"closed","sticky":false,"template":"","format":"standard","meta":{"footnotes":""},"categories":[9],"tags":[],"class_list":["post-2930","post","type-post","status-publish","format-standard","has-post-thumbnail","hentry","category-slider"],"_links":{"self":[{"href":"https:\/\/pelileo.gob.ec\/v3\/wp-json\/wp\/v2\/posts\/2930","targetHints":{"allow":["GET"]}}],"collection":[{"href":"https:\/\/pelileo.gob.ec\/v3\/wp-json\/wp\/v2\/posts"}],"about":[{"href":"https:\/\/pelileo.gob.ec\/v3\/wp-json\/wp\/v2\/types\/post"}],"author":[{"embeddable":true,"href":"https:\/\/pelileo.gob.ec\/v3\/wp-json\/wp\/v2\/users\/1"}],"replies":[{"embeddable":true,"href":"https:\/\/pelileo.gob.ec\/v3\/wp-json\/wp\/v2\/comments?post=2930"}],"version-history":[{"count":1,"href":"https:\/\/pelileo.gob.ec\/v3\/wp-json\/wp\/v2\/posts\/2930\/revisions"}],"predecessor-version":[{"id":2932,"href":"https:\/\/pelileo.gob.ec\/v3\/wp-json\/wp\/v2\/posts\/2930\/revisions\/2932"}],"wp:featuredmedia":[{"embeddable":true,"href":"https:\/\/pelileo.gob.ec\/v3\/wp-json\/wp\/v2\/media\/2931"}],"wp:attachment":[{"href":"https:\/\/pelileo.gob.ec\/v3\/wp-json\/wp\/v2\/media?parent=2930"}],"wp:term":[{"taxonomy":"category","embeddable":true,"href":"https:\/\/pelileo.gob.ec\/v3\/wp-json\/wp\/v2\/categories?post=2930"},{"taxonomy":"post_tag","embeddable":true,"href":"https:\/\/pelileo.gob.ec\/v3\/wp-json\/wp\/v2\/tags?post=2930"}],"curies":[{"name":"wp","href":"https:\/\/api.w.org\/{rel}","templated":true}]}}