{"id":2933,"date":"2023-12-11T09:38:59","date_gmt":"2023-12-11T14:38:59","guid":{"rendered":"https:\/\/pelileo.gob.ec\/portal\/?p=2933"},"modified":"2023-12-11T09:38:59","modified_gmt":"2023-12-11T14:38:59","slug":"%f0%9d%97%a6%f0%9d%97%b2-%f0%9d%97%b2%f0%9d%97%bb%f0%9d%97%b0%f0%9d%97%b2%f0%9d%97%bb%f0%9d%97%b1%f0%9d%97%b6%f0%9d%97%b2%f0%9d%97%bf%f0%9d%97%bc%f0%9d%97%bb-%f0%9d%97%b9%f0%9d%97%ae%f0%9d%98%80","status":"publish","type":"post","link":"https:\/\/pelileo.gob.ec\/v3\/%f0%9d%97%a6%f0%9d%97%b2-%f0%9d%97%b2%f0%9d%97%bb%f0%9d%97%b0%f0%9d%97%b2%f0%9d%97%bb%f0%9d%97%b1%f0%9d%97%b6%f0%9d%97%b2%f0%9d%97%bf%f0%9d%97%bc%f0%9d%97%bb-%f0%9d%97%b9%f0%9d%97%ae%f0%9d%98%80\/","title":{"rendered":"\ud835\udde6\ud835\uddf2 \ud835\uddf2\ud835\uddfb\ud835\uddf0\ud835\uddf2\ud835\uddfb\ud835\uddf1\ud835\uddf6\ud835\uddf2\ud835\uddff\ud835\uddfc\ud835\uddfb \ud835\uddf9\ud835\uddee\ud835\ude00 \ud835\uddf9\ud835\ude02\ud835\uddf0\ud835\uddf2\ud835\ude00 \ud835\uddfb\ud835\uddee\ud835\ude03\ud835\uddf6\ud835\uddf1\ud835\uddf2\u00f1\ud835\uddee\ud835\ude00 \ud835\uddf2\ud835\uddfb \ud835\udddb\ud835\ude02\ud835\uddee\ud835\uddfa\ud835\uddef\ud835\uddee\ud835\uddf9\u00f3"},"content":{"rendered":"\n<p>Lleg\u00f3 la navidad a la capital del mueble. Centenares de familias disfrutaron del encendido de las \ud835\uddf9\ud835\ude02\ud835\uddf0\ud835\uddf2\ud835\ude00 \ud835\uddfb\ud835\uddee\ud835\ude03\ud835\uddf6\ud835\uddf1\ud835\uddf2\u00f1\ud835\uddee\ud835\ude00 que iluminan el Parque Central. Personas de todas las edades mostraron su emoci\u00f3n al contemplar como las luces navide\u00f1as engalanan este espacio de recreaci\u00f3n.<\/p>\n\n\n\n<p>El alcalde \ud835\uddda\ud835\uddee\ud835\uddef\ud835\uddff\ud835\uddf6\ud835\uddf2\ud835\uddf9 \ud835\udded\u00fa\u00f1\ud835\uddf6\ud835\uddf4\ud835\uddee \ud835\uddf9\ud835\uddf6\ud835\uddf1\ud835\uddf2\ud835\uddff\u00f3 \ud835\uddf2\ud835\uddf9 \ud835\uddf2\ud835\uddfb\ud835\uddf0\ud835\uddf2\ud835\uddfb\ud835\uddf1\ud835\uddf6\ud835\uddf1\ud835\uddfc \ud835\uddf1\ud835\uddf2 \ud835\uddf9\ud835\uddee\ud835\ude00 \ud835\uddf9\ud835\ude02\ud835\uddf0\ud835\uddf2\ud835\ude00 del <a><\/a>\u00e1rbol navide\u00f1o expresando el mensaje de paz y armon\u00eda entre las familias, recordando que la felicidad no solo est\u00e1 en las cosas materiales, sino tambi\u00e8n en disfrutar con alegr\u00eda y espiritualidad.<\/p>\n","protected":false},"excerpt":{"rendered":"<p>Lleg\u00f3 la navidad a la capital del mueble. Centenares de&hellip; <\/p>\n","protected":false},"author":1,"featured_media":2934,"comment_status":"closed","ping_status":"closed","sticky":false,"template":"","format":"standard","meta":{"footnotes":""},"categories":[9],"tags":[],"class_list":["post-2933","post","type-post","status-publish","format-standard","has-post-thumbnail","hentry","category-slider"],"_links":{"self":[{"href":"https:\/\/pelileo.gob.ec\/v3\/wp-json\/wp\/v2\/posts\/2933","targetHints":{"allow":["GET"]}}],"collection":[{"href":"https:\/\/pelileo.gob.ec\/v3\/wp-json\/wp\/v2\/posts"}],"about":[{"href":"https:\/\/pelileo.gob.ec\/v3\/wp-json\/wp\/v2\/types\/post"}],"author":[{"embeddable":true,"href":"https:\/\/pelileo.gob.ec\/v3\/wp-json\/wp\/v2\/users\/1"}],"replies":[{"embeddable":true,"href":"https:\/\/pelileo.gob.ec\/v3\/wp-json\/wp\/v2\/comments?post=2933"}],"version-history":[{"count":1,"href":"https:\/\/pelileo.gob.ec\/v3\/wp-json\/wp\/v2\/posts\/2933\/revisions"}],"predecessor-version":[{"id":2935,"href":"https:\/\/pelileo.gob.ec\/v3\/wp-json\/wp\/v2\/posts\/2933\/revisions\/2935"}],"wp:featuredmedia":[{"embeddable":true,"href":"https:\/\/pelileo.gob.ec\/v3\/wp-json\/wp\/v2\/media\/2934"}],"wp:attachment":[{"href":"https:\/\/pelileo.gob.ec\/v3\/wp-json\/wp\/v2\/media?parent=2933"}],"wp:term":[{"taxonomy":"category","embeddable":true,"href":"https:\/\/pelileo.gob.ec\/v3\/wp-json\/wp\/v2\/categories?post=2933"},{"taxonomy":"post_tag","embeddable":true,"href":"https:\/\/pelileo.gob.ec\/v3\/wp-json\/wp\/v2\/tags?post=2933"}],"curies":[{"name":"wp","href":"https:\/\/api.w.org\/{rel}","templated":true}]}}