{"id":2945,"date":"2023-12-18T08:27:13","date_gmt":"2023-12-18T13:27:13","guid":{"rendered":"https:\/\/pelileo.gob.ec\/portal\/?p=2945"},"modified":"2023-12-18T08:27:13","modified_gmt":"2023-12-18T13:27:13","slug":"%f0%9d%97%96%f0%9d%97%bc%f0%9d%97%bb%f0%9d%97%b0%f0%9d%97%b2%f0%9d%97%b7%f0%9d%97%bc-%f0%9d%97%a0%f0%9d%98%82%f0%9d%97%bb%f0%9d%97%b6%f0%9d%97%b0%f0%9d%97%b6%f0%9d%97%bd%f0%9d%97%ae%f0%9d%97%b9","status":"publish","type":"post","link":"https:\/\/pelileo.gob.ec\/v3\/%f0%9d%97%96%f0%9d%97%bc%f0%9d%97%bb%f0%9d%97%b0%f0%9d%97%b2%f0%9d%97%b7%f0%9d%97%bc-%f0%9d%97%a0%f0%9d%98%82%f0%9d%97%bb%f0%9d%97%b6%f0%9d%97%b0%f0%9d%97%b6%f0%9d%97%bd%f0%9d%97%ae%f0%9d%97%b9\/","title":{"rendered":"\ud835\uddd6\ud835\uddfc\ud835\uddfb\ud835\uddf0\ud835\uddf2\ud835\uddf7\ud835\uddfc \ud835\udde0\ud835\ude02\ud835\uddfb\ud835\uddf6\ud835\uddf0\ud835\uddf6\ud835\uddfd\ud835\uddee\ud835\uddf9 \ud835\uddf4\ud835\uddf2\ud835\uddfb\ud835\uddf2\ud835\uddff\ud835\uddee \ud835\uddfb\ud835\uddfc\ud835\uddff\ud835\uddfa\ud835\uddee\ud835\ude01\ud835\uddf6\ud835\ude03\ud835\uddee \ud835\uddfd\ud835\uddee\ud835\uddff\ud835\uddee \ud835\uddf2\ud835\ude00\ud835\ude01\ud835\uddee\ud835\uddef\ud835\uddf9\ud835\uddf2\ud835\uddf0\ud835\uddf2\ud835\uddff \ud835\uddfd\ud835\uddff\ud835\uddfc\ud835\uddf0\ud835\uddf2\ud835\ude00\ud835\uddfc \ud835\uddf1\ud835\uddf2 \ud835\uddfa\ud835\uddfc\ud835\ude03\ud835\uddf6\ud835\uddf9\ud835\uddf6\ud835\uddf1\ud835\uddee\ud835\uddf1 \ud835\ude00\ud835\uddfc\ud835\ude00\ud835\ude01\ud835\uddf2\ud835\uddfb\ud835\uddf6\ud835\uddef\ud835\uddf9\ud835\uddf2"},"content":{"rendered":"\n<p>Mediante sesi\u00f3n ordinaria de Concejo Municipal, el Pleno aprob\u00f3 de manera un\u00e1nime en segundo y definitivo debate la Ordenanza para la implementaci\u00f3n del Plan de Movilidad con componente sostenible de <a href=\"https:\/\/www.facebook.com\/hashtag\/pelileo?__eep__=6&amp;__cft__[0]=AZXkxmhqqigFatBZ9_SIwWiiTrTXnxH0F5SfhbOSYcOJcsKprtHm8DPr3HNpldjqSWT3uZ6vLzdLnf1JgkJ33hkQ98yOYvX8IfBjur3Mlg-X6yPbFTuO1IlBjrclFbNcHagOksqppimSQas6YCdxmoQnLEhSkmS7HI6efSbsgzrHc8oeLpQ2wnoxxfpmk7FOLRM&amp;__tn__=*NK-R\">#Pelileo<\/a> y articularlo al Plan de Desarrollo y Ordenamiento Territorial del cant\u00f3n.<\/p>\n\n\n\n<p>Esta normativa legal busca <a><\/a>dinamizar el desarrollo socioecon\u00f3mico de la localidad, orient\u00e1ndola hacia la construcci\u00f3n de un proceso de movilidad sostenible que refleje una mejor calidad de vida, as\u00ed como la gesti\u00f3n responsable del tr\u00e1nsito, transporte terrestre, y seguridad vial, amigable con el ambiente y la utilizaci\u00f3n racional del espacio p\u00fablico.<\/p>\n","protected":false},"excerpt":{"rendered":"<p>Mediante sesi\u00f3n ordinaria de Concejo Municipal, el Pleno aprob\u00f3 de&hellip; <\/p>\n","protected":false},"author":1,"featured_media":2946,"comment_status":"closed","ping_status":"closed","sticky":false,"template":"","format":"standard","meta":{"footnotes":""},"categories":[9],"tags":[],"class_list":["post-2945","post","type-post","status-publish","format-standard","has-post-thumbnail","hentry","category-slider"],"_links":{"self":[{"href":"https:\/\/pelileo.gob.ec\/v3\/wp-json\/wp\/v2\/posts\/2945","targetHints":{"allow":["GET"]}}],"collection":[{"href":"https:\/\/pelileo.gob.ec\/v3\/wp-json\/wp\/v2\/posts"}],"about":[{"href":"https:\/\/pelileo.gob.ec\/v3\/wp-json\/wp\/v2\/types\/post"}],"author":[{"embeddable":true,"href":"https:\/\/pelileo.gob.ec\/v3\/wp-json\/wp\/v2\/users\/1"}],"replies":[{"embeddable":true,"href":"https:\/\/pelileo.gob.ec\/v3\/wp-json\/wp\/v2\/comments?post=2945"}],"version-history":[{"count":1,"href":"https:\/\/pelileo.gob.ec\/v3\/wp-json\/wp\/v2\/posts\/2945\/revisions"}],"predecessor-version":[{"id":2947,"href":"https:\/\/pelileo.gob.ec\/v3\/wp-json\/wp\/v2\/posts\/2945\/revisions\/2947"}],"wp:featuredmedia":[{"embeddable":true,"href":"https:\/\/pelileo.gob.ec\/v3\/wp-json\/wp\/v2\/media\/2946"}],"wp:attachment":[{"href":"https:\/\/pelileo.gob.ec\/v3\/wp-json\/wp\/v2\/media?parent=2945"}],"wp:term":[{"taxonomy":"category","embeddable":true,"href":"https:\/\/pelileo.gob.ec\/v3\/wp-json\/wp\/v2\/categories?post=2945"},{"taxonomy":"post_tag","embeddable":true,"href":"https:\/\/pelileo.gob.ec\/v3\/wp-json\/wp\/v2\/tags?post=2945"}],"curies":[{"name":"wp","href":"https:\/\/api.w.org\/{rel}","templated":true}]}}