{"id":2970,"date":"2023-12-27T09:05:24","date_gmt":"2023-12-27T14:05:24","guid":{"rendered":"https:\/\/pelileo.gob.ec\/portal\/?p=2970"},"modified":"2023-12-27T09:05:24","modified_gmt":"2023-12-27T14:05:24","slug":"%f0%9d%97%a0%f0%9d%98%82%f0%9d%97%bb%f0%9d%97%b6%f0%9d%97%b0%f0%9d%97%b6%f0%9d%97%bd%f0%9d%97%ae%f0%9d%97%b9%f0%9d%97%b6%f0%9d%97%b1%f0%9d%97%ae%f0%9d%97%b1-%f0%9d%97%b1%f0%9d%97%b2-%f0%9d%97%a3","status":"publish","type":"post","link":"https:\/\/pelileo.gob.ec\/v3\/%f0%9d%97%a0%f0%9d%98%82%f0%9d%97%bb%f0%9d%97%b6%f0%9d%97%b0%f0%9d%97%b6%f0%9d%97%bd%f0%9d%97%ae%f0%9d%97%b9%f0%9d%97%b6%f0%9d%97%b1%f0%9d%97%ae%f0%9d%97%b1-%f0%9d%97%b1%f0%9d%97%b2-%f0%9d%97%a3\/","title":{"rendered":"\ud835\udde0\ud835\ude02\ud835\uddfb\ud835\uddf6\ud835\uddf0\ud835\uddf6\ud835\uddfd\ud835\uddee\ud835\uddf9\ud835\uddf6\ud835\uddf1\ud835\uddee\ud835\uddf1 \ud835\uddf1\ud835\uddf2 \ud835\udde3\ud835\uddf2\ud835\uddf9\ud835\uddf6\ud835\uddf9\ud835\uddf2\ud835\uddfc \ud835\uddef\ud835\uddff\ud835\uddf6\ud835\uddfb\ud835\uddf1\ud835\uddee \ud835\uddee\ud835\ude06\ud835\ude02\ud835\uddf1\ud835\uddee \ud835\uddee\ud835\uddf9 \ud835\ude00\ud835\uddf2\ud835\uddf0\ud835\ude01\ud835\uddfc\ud835\uddff \ud835\uddee\ud835\uddf4\ud835\uddff\u00ed\ud835\uddf0\ud835\uddfc\ud835\uddf9\ud835\uddee"},"content":{"rendered":"\n<p>Maquinaria y personal de la Direcci\u00f3n de Obras P\u00fablicas y agua potable del GAD Municipal, realizan la limpieza de los causes de las quebradas ubicadas en el sector del \u201c\ud835\udde3\ud835\ude02\ud835\uddf2\ud835\uddfb\ud835\ude01\ud835\uddf2 \ud835\udde1\ud835\uddf2\ud835\uddf4\ud835\uddff\ud835\uddfc\u201d perteneciente a Sigual\u00f3 Bajo de la parroquia Garc\u00eda Moreno, que fueron afectadas debido a la lluvia que cay\u00f3 estos d\u00edas en <a href=\"https:\/\/www.facebook.com\/hashtag\/pelileo?__eep__=6&amp;__cft__[0]=AZVD21VXu-X5YDtyHQHpOqC8gqc_G4R5l8wpzXSJb7tvWBUg6UxwzVRO-k_QRYR86xY8SBpNXK10Q9o5YPHZpCQno-9tqq7EwdeJHsUVQt81FnUqfOMFHr82nirqUqMfDjjowIyEMPy_pJIId1or0qxrq7Jq-EVL9cX3jexxhaQZ5NGHAHratrOmfr9rqD51zIg&amp;__tn__=*NK-R\">#Pelileo<\/a>.<\/p>\n\n\n\n<p>De igual forma, la maquinaria municipal <a><\/a>trabaja en la limpieza de los caminos que atraviesan por esta \u00e1rea, a fin de que nuestros agricultores puedan movilizarse adecuadamente hacia sus propiedades a realizar las labores agr\u00edcolas y trasladar los productos hacia las diferentes ferias.<\/p>\n","protected":false},"excerpt":{"rendered":"<p>Maquinaria y personal de la Direcci\u00f3n de Obras P\u00fablicas y&hellip; <\/p>\n","protected":false},"author":1,"featured_media":2971,"comment_status":"closed","ping_status":"closed","sticky":false,"template":"","format":"standard","meta":{"footnotes":""},"categories":[9],"tags":[],"class_list":["post-2970","post","type-post","status-publish","format-standard","has-post-thumbnail","hentry","category-slider"],"_links":{"self":[{"href":"https:\/\/pelileo.gob.ec\/v3\/wp-json\/wp\/v2\/posts\/2970","targetHints":{"allow":["GET"]}}],"collection":[{"href":"https:\/\/pelileo.gob.ec\/v3\/wp-json\/wp\/v2\/posts"}],"about":[{"href":"https:\/\/pelileo.gob.ec\/v3\/wp-json\/wp\/v2\/types\/post"}],"author":[{"embeddable":true,"href":"https:\/\/pelileo.gob.ec\/v3\/wp-json\/wp\/v2\/users\/1"}],"replies":[{"embeddable":true,"href":"https:\/\/pelileo.gob.ec\/v3\/wp-json\/wp\/v2\/comments?post=2970"}],"version-history":[{"count":1,"href":"https:\/\/pelileo.gob.ec\/v3\/wp-json\/wp\/v2\/posts\/2970\/revisions"}],"predecessor-version":[{"id":2972,"href":"https:\/\/pelileo.gob.ec\/v3\/wp-json\/wp\/v2\/posts\/2970\/revisions\/2972"}],"wp:featuredmedia":[{"embeddable":true,"href":"https:\/\/pelileo.gob.ec\/v3\/wp-json\/wp\/v2\/media\/2971"}],"wp:attachment":[{"href":"https:\/\/pelileo.gob.ec\/v3\/wp-json\/wp\/v2\/media?parent=2970"}],"wp:term":[{"taxonomy":"category","embeddable":true,"href":"https:\/\/pelileo.gob.ec\/v3\/wp-json\/wp\/v2\/categories?post=2970"},{"taxonomy":"post_tag","embeddable":true,"href":"https:\/\/pelileo.gob.ec\/v3\/wp-json\/wp\/v2\/tags?post=2970"}],"curies":[{"name":"wp","href":"https:\/\/api.w.org\/{rel}","templated":true}]}}