{"id":2976,"date":"2023-12-27T09:21:35","date_gmt":"2023-12-27T14:21:35","guid":{"rendered":"https:\/\/pelileo.gob.ec\/portal\/?p=2976"},"modified":"2023-12-27T09:21:35","modified_gmt":"2023-12-27T14:21:35","slug":"%f0%9d%97%96%f0%9d%97%bc%f0%9d%97%ba%f0%9d%97%bd%f0%9d%97%ae%f0%9d%97%bf%f0%9d%98%81%f0%9d%97%b6%f0%9d%97%b2%f0%9d%97%bb%f0%9d%97%b1%f0%9d%97%bc-%f0%9d%97%b0%f0%9d%97%bc%f0%9d%97%bb-%f0%9d%97%be","status":"publish","type":"post","link":"https:\/\/pelileo.gob.ec\/v3\/%f0%9d%97%96%f0%9d%97%bc%f0%9d%97%ba%f0%9d%97%bd%f0%9d%97%ae%f0%9d%97%bf%f0%9d%98%81%f0%9d%97%b6%f0%9d%97%b2%f0%9d%97%bb%f0%9d%97%b1%f0%9d%97%bc-%f0%9d%97%b0%f0%9d%97%bc%f0%9d%97%bb-%f0%9d%97%be\/","title":{"rendered":"\ud835\uddd6\ud835\uddfc\ud835\uddfa\ud835\uddfd\ud835\uddee\ud835\uddff\ud835\ude01\ud835\uddf6\ud835\uddf2\ud835\uddfb\ud835\uddf1\ud835\uddfc \ud835\uddf0\ud835\uddfc\ud835\uddfb \ud835\uddfe\ud835\ude02\ud835\uddf6\ud835\uddf2\ud835\uddfb\ud835\uddf2\ud835\ude00 \ud835\uddfa\u00e1\ud835\ude00 \ud835\uddf9\ud835\uddfc \ud835\uddfb\ud835\uddf2\ud835\uddf0\ud835\uddf2\ud835\ude00\ud835\uddf6\ud835\ude01\ud835\uddee\ud835\uddfb"},"content":{"rendered":"\n<p>Con motivo de la \u00e9poca navide\u00f1a, la Dra. Geoconda Llerena, esposa de nuestro alcalde, comparti\u00f3 momentos de alegr\u00eda y solidaridad con integrantes de la Fundaci\u00f3n San Pedro de Pelileo, as\u00ed tambi\u00e9n con los sectores vulnerables de este cant\u00f3n.<\/p>\n\n\n\n<p>\u201cEstamos brind\u00e1ndoles todo nuestro cari\u00f1o y apoyo a quienes m\u00e1s nos necesitan\u201d, recalc\u00f3 la primera dama del cant\u00f3n tras agradecer a quienes apoyan su <a><\/a>gesti\u00f3n; recalc\u00f3 adem\u00e1s su compromiso para mantener un trabajo constante para mantener la unidad y empat\u00eda de los pelile\u00f1os en torno a brindar atenci\u00f3n a los m\u00e1s necesitados.<\/p>\n","protected":false},"excerpt":{"rendered":"<p>Con motivo de la \u00e9poca navide\u00f1a, la Dra. Geoconda Llerena,&hellip; <\/p>\n","protected":false},"author":1,"featured_media":2977,"comment_status":"closed","ping_status":"closed","sticky":false,"template":"","format":"standard","meta":{"footnotes":""},"categories":[9],"tags":[],"class_list":["post-2976","post","type-post","status-publish","format-standard","has-post-thumbnail","hentry","category-slider"],"_links":{"self":[{"href":"https:\/\/pelileo.gob.ec\/v3\/wp-json\/wp\/v2\/posts\/2976","targetHints":{"allow":["GET"]}}],"collection":[{"href":"https:\/\/pelileo.gob.ec\/v3\/wp-json\/wp\/v2\/posts"}],"about":[{"href":"https:\/\/pelileo.gob.ec\/v3\/wp-json\/wp\/v2\/types\/post"}],"author":[{"embeddable":true,"href":"https:\/\/pelileo.gob.ec\/v3\/wp-json\/wp\/v2\/users\/1"}],"replies":[{"embeddable":true,"href":"https:\/\/pelileo.gob.ec\/v3\/wp-json\/wp\/v2\/comments?post=2976"}],"version-history":[{"count":1,"href":"https:\/\/pelileo.gob.ec\/v3\/wp-json\/wp\/v2\/posts\/2976\/revisions"}],"predecessor-version":[{"id":2978,"href":"https:\/\/pelileo.gob.ec\/v3\/wp-json\/wp\/v2\/posts\/2976\/revisions\/2978"}],"wp:featuredmedia":[{"embeddable":true,"href":"https:\/\/pelileo.gob.ec\/v3\/wp-json\/wp\/v2\/media\/2977"}],"wp:attachment":[{"href":"https:\/\/pelileo.gob.ec\/v3\/wp-json\/wp\/v2\/media?parent=2976"}],"wp:term":[{"taxonomy":"category","embeddable":true,"href":"https:\/\/pelileo.gob.ec\/v3\/wp-json\/wp\/v2\/categories?post=2976"},{"taxonomy":"post_tag","embeddable":true,"href":"https:\/\/pelileo.gob.ec\/v3\/wp-json\/wp\/v2\/tags?post=2976"}],"curies":[{"name":"wp","href":"https:\/\/api.w.org\/{rel}","templated":true}]}}