{"id":3014,"date":"2024-01-17T10:41:44","date_gmt":"2024-01-17T15:41:44","guid":{"rendered":"https:\/\/pelileo.gob.ec\/portal\/?p=3014"},"modified":"2024-01-17T10:41:44","modified_gmt":"2024-01-17T15:41:44","slug":"%f0%9d%97%a6%f0%9d%97%bc%f0%9d%97%b9%f0%9d%98%82%f0%9d%97%b0%f0%9d%97%b6%f0%9d%97%bc%f0%9d%97%bb%f0%9d%97%b2%f0%9d%98%80-%f0%9d%97%b2%f0%9d%97%ba%f0%9d%97%b2%f0%9d%97%bf%f0%9d%97%b4%f0%9d%97%b2","status":"publish","type":"post","link":"https:\/\/pelileo.gob.ec\/v3\/%f0%9d%97%a6%f0%9d%97%bc%f0%9d%97%b9%f0%9d%98%82%f0%9d%97%b0%f0%9d%97%b6%f0%9d%97%bc%f0%9d%97%bb%f0%9d%97%b2%f0%9d%98%80-%f0%9d%97%b2%f0%9d%97%ba%f0%9d%97%b2%f0%9d%97%bf%f0%9d%97%b4%f0%9d%97%b2\/","title":{"rendered":"\ud835\udde6\ud835\uddfc\ud835\uddf9\ud835\ude02\ud835\uddf0\ud835\uddf6\ud835\uddfc\ud835\uddfb\ud835\uddf2\ud835\ude00 \ud835\uddf2\ud835\uddfa\ud835\uddf2\ud835\uddff\ud835\uddf4\ud835\uddf2\ud835\uddfb\ud835\ude01\ud835\uddf2\ud835\ude00 \ud835\uddf7\ud835\ude02\ud835\uddfb\ud835\ude01\ud835\uddfc \ud835\uddee \ud835\uddf9\ud835\uddee \ud835\uddf0\ud835\uddf6\ud835\ude02\ud835\uddf1\ud835\uddee\ud835\uddf1\ud835\uddee\ud835\uddfb\u00ed\ud835\uddee"},"content":{"rendered":"\n<p>Trabajo conjunto entre la Direcci\u00f3n de Agua Potable<img decoding=\"async\" height=\"16\" width=\"16\" alt=\"\ud83d\udca7\" src=\"https:\/\/static.xx.fbcdn.net\/images\/emoji.php\/v9\/t42\/1\/16\/1f4a7.png\">, Obras P\u00fablicas<img decoding=\"async\" height=\"16\" width=\"16\" alt=\"\ud83e\uddba\" src=\"https:\/\/static.xx.fbcdn.net\/images\/emoji.php\/v9\/t50\/1\/16\/1f9ba.png\"> y los vecinos de la calle que conduce al barrio La Libertad, a la altura de la Unidad Educativa Geovanny Calles; permite realizar la limpieza de la tuber\u00eda del sistema de agua de riego El Porvenir y cambiar la tuber\u00eda de alcantarillado sanitario, a fin de evitar el desbordamiento de aguas lluvia hacia la calle.<\/p>\n\n\n\n<p><img decoding=\"async\" height=\"16\" width=\"16\" alt=\"\u2705\" src=\"https:\/\/static.xx.fbcdn.net\/images\/emoji.php\/v9\/t33\/1\/16\/2705.png\">El <a><\/a>Alcalde Gabriel Z\u00fa\u00f1iga, junto al equipo t\u00e9cnico municipal y los dirigentes del sector coordinan el trabajo a fin de brindar todas las facilidades, tanto en maquinaria, personal y materiales, encaminado a mejorar las condiciones de vida de la ciudadan\u00eda.<\/p>\n","protected":false},"excerpt":{"rendered":"<p>Trabajo conjunto entre la Direcci\u00f3n de Agua Potable, Obras P\u00fablicas&hellip; <\/p>\n","protected":false},"author":1,"featured_media":3015,"comment_status":"closed","ping_status":"closed","sticky":false,"template":"","format":"standard","meta":{"footnotes":""},"categories":[9],"tags":[],"class_list":["post-3014","post","type-post","status-publish","format-standard","has-post-thumbnail","hentry","category-slider"],"_links":{"self":[{"href":"https:\/\/pelileo.gob.ec\/v3\/wp-json\/wp\/v2\/posts\/3014","targetHints":{"allow":["GET"]}}],"collection":[{"href":"https:\/\/pelileo.gob.ec\/v3\/wp-json\/wp\/v2\/posts"}],"about":[{"href":"https:\/\/pelileo.gob.ec\/v3\/wp-json\/wp\/v2\/types\/post"}],"author":[{"embeddable":true,"href":"https:\/\/pelileo.gob.ec\/v3\/wp-json\/wp\/v2\/users\/1"}],"replies":[{"embeddable":true,"href":"https:\/\/pelileo.gob.ec\/v3\/wp-json\/wp\/v2\/comments?post=3014"}],"version-history":[{"count":1,"href":"https:\/\/pelileo.gob.ec\/v3\/wp-json\/wp\/v2\/posts\/3014\/revisions"}],"predecessor-version":[{"id":3016,"href":"https:\/\/pelileo.gob.ec\/v3\/wp-json\/wp\/v2\/posts\/3014\/revisions\/3016"}],"wp:featuredmedia":[{"embeddable":true,"href":"https:\/\/pelileo.gob.ec\/v3\/wp-json\/wp\/v2\/media\/3015"}],"wp:attachment":[{"href":"https:\/\/pelileo.gob.ec\/v3\/wp-json\/wp\/v2\/media?parent=3014"}],"wp:term":[{"taxonomy":"category","embeddable":true,"href":"https:\/\/pelileo.gob.ec\/v3\/wp-json\/wp\/v2\/categories?post=3014"},{"taxonomy":"post_tag","embeddable":true,"href":"https:\/\/pelileo.gob.ec\/v3\/wp-json\/wp\/v2\/tags?post=3014"}],"curies":[{"name":"wp","href":"https:\/\/api.w.org\/{rel}","templated":true}]}}