{"id":3033,"date":"2024-01-24T13:53:53","date_gmt":"2024-01-24T18:53:53","guid":{"rendered":"https:\/\/pelileo.gob.ec\/portal\/?p=3033"},"modified":"2024-01-24T13:53:53","modified_gmt":"2024-01-24T18:53:53","slug":"%f0%9d%97%98%f0%9d%98%80%f0%9d%98%81%f0%9d%97%ae%f0%9d%97%b1%f0%9d%97%b6%f0%9d%97%bc-%f0%9d%97%b1%f0%9d%97%b2-%f0%9d%97%9a%f0%9d%98%82%f0%9d%97%ae%f0%9d%97%b1%f0%9d%97%ae%f0%9d%97%b9%f0%9d%98%82","status":"publish","type":"post","link":"https:\/\/pelileo.gob.ec\/v3\/%f0%9d%97%98%f0%9d%98%80%f0%9d%98%81%f0%9d%97%ae%f0%9d%97%b1%f0%9d%97%b6%f0%9d%97%bc-%f0%9d%97%b1%f0%9d%97%b2-%f0%9d%97%9a%f0%9d%98%82%f0%9d%97%ae%f0%9d%97%b1%f0%9d%97%ae%f0%9d%97%b9%f0%9d%98%82\/","title":{"rendered":"\ud835\uddd8\ud835\ude00\ud835\ude01\ud835\uddee\ud835\uddf1\ud835\uddf6\ud835\uddfc \ud835\uddf1\ud835\uddf2 \ud835\uddda\ud835\ude02\ud835\uddee\ud835\uddf1\ud835\uddee\ud835\uddf9\ud835\ude02\ud835\uddfd\ud835\uddf2 \ud835\uddfe\ud835\ude02\ud835\uddf2\ud835\uddf1\ud835\uddee\ud835\uddff\u00e1 \ud835\uddf9\ud835\uddf6\ud835\ude00\ud835\ude01\ud835\uddfc \ud835\uddfd\ud835\uddee\ud835\uddff\ud835\uddee \ud835\uddf9\ud835\uddee \ud835\uddfd\ud835\uddff\u00e1\ud835\uddf0\ud835\ude01\ud835\uddf6\ud835\uddf0\ud835\uddee \ud835\uddf1\ud835\uddf2\ud835\uddfd\ud835\uddfc\ud835\uddff\ud835\ude01\ud835\uddf6\ud835\ude03\ud835\uddee"},"content":{"rendered":"\n<p>Comprometidos con la ni\u00f1ez y la juventud del caser\u00edo Guadalupe, personal y maquinaria de la Direcci\u00f3n de Obras P\u00fablicas realizan la colocaci\u00f3n de tierra sobre la grama del estadio del caser\u00edo Guadalupe, lo que permite obtener una nivelaci\u00f3n apropiada para la pr\u00e1ctica deportiva.<\/p>\n\n\n\n<p>De esta manera, la municipalidad garantiza que los deportistas realicen la pr\u00e1ctica <a><\/a>deportiva en una cancha con todas las condiciones necesarias para que la ni\u00f1ez y juventud no corran riesgos de sufrir lesiones por el mal estado de la cancha; por ello, dirigentes y moradores expresaron la gratitud a la municipalidad, por brindar un espacio seguro para la distracci\u00f3n de sus moradores.<\/p>\n","protected":false},"excerpt":{"rendered":"<p>Comprometidos con la ni\u00f1ez y la juventud del caser\u00edo Guadalupe,&hellip; <\/p>\n","protected":false},"author":1,"featured_media":3034,"comment_status":"closed","ping_status":"closed","sticky":false,"template":"","format":"standard","meta":{"footnotes":""},"categories":[9],"tags":[],"class_list":["post-3033","post","type-post","status-publish","format-standard","has-post-thumbnail","hentry","category-slider"],"_links":{"self":[{"href":"https:\/\/pelileo.gob.ec\/v3\/wp-json\/wp\/v2\/posts\/3033","targetHints":{"allow":["GET"]}}],"collection":[{"href":"https:\/\/pelileo.gob.ec\/v3\/wp-json\/wp\/v2\/posts"}],"about":[{"href":"https:\/\/pelileo.gob.ec\/v3\/wp-json\/wp\/v2\/types\/post"}],"author":[{"embeddable":true,"href":"https:\/\/pelileo.gob.ec\/v3\/wp-json\/wp\/v2\/users\/1"}],"replies":[{"embeddable":true,"href":"https:\/\/pelileo.gob.ec\/v3\/wp-json\/wp\/v2\/comments?post=3033"}],"version-history":[{"count":1,"href":"https:\/\/pelileo.gob.ec\/v3\/wp-json\/wp\/v2\/posts\/3033\/revisions"}],"predecessor-version":[{"id":3035,"href":"https:\/\/pelileo.gob.ec\/v3\/wp-json\/wp\/v2\/posts\/3033\/revisions\/3035"}],"wp:featuredmedia":[{"embeddable":true,"href":"https:\/\/pelileo.gob.ec\/v3\/wp-json\/wp\/v2\/media\/3034"}],"wp:attachment":[{"href":"https:\/\/pelileo.gob.ec\/v3\/wp-json\/wp\/v2\/media?parent=3033"}],"wp:term":[{"taxonomy":"category","embeddable":true,"href":"https:\/\/pelileo.gob.ec\/v3\/wp-json\/wp\/v2\/categories?post=3033"},{"taxonomy":"post_tag","embeddable":true,"href":"https:\/\/pelileo.gob.ec\/v3\/wp-json\/wp\/v2\/tags?post=3033"}],"curies":[{"name":"wp","href":"https:\/\/api.w.org\/{rel}","templated":true}]}}