{"id":3043,"date":"2024-02-05T15:28:59","date_gmt":"2024-02-05T20:28:59","guid":{"rendered":"https:\/\/pelileo.gob.ec\/portal\/?p=3043"},"modified":"2024-02-05T15:28:59","modified_gmt":"2024-02-05T20:28:59","slug":"%f0%9d%97%a0%f0%9d%97%ae%f0%9d%97%bb%f0%9d%98%81%f0%9d%97%b2%f0%9d%97%bb%f0%9d%97%b6%f0%9d%97%ba%f0%9d%97%b6%f0%9d%97%b2%f0%9d%97%bb%f0%9d%98%81%f0%9d%97%bc-%f0%9d%97%b1%f0%9d%97%b2-%f0%9d%98%80","status":"publish","type":"post","link":"https:\/\/pelileo.gob.ec\/v3\/%f0%9d%97%a0%f0%9d%97%ae%f0%9d%97%bb%f0%9d%98%81%f0%9d%97%b2%f0%9d%97%bb%f0%9d%97%b6%f0%9d%97%ba%f0%9d%97%b6%f0%9d%97%b2%f0%9d%97%bb%f0%9d%98%81%f0%9d%97%bc-%f0%9d%97%b1%f0%9d%97%b2-%f0%9d%98%80\/","title":{"rendered":"\ud835\udde0\ud835\uddee\ud835\uddfb\ud835\ude01\ud835\uddf2\ud835\uddfb\ud835\uddf6\ud835\uddfa\ud835\uddf6\ud835\uddf2\ud835\uddfb\ud835\ude01\ud835\uddfc \ud835\uddf1\ud835\uddf2 \ud835\ude00\ud835\uddf2\ud835\uddff\ud835\ude03\ud835\uddf6\ud835\uddf0\ud835\uddf6\ud835\uddfc\ud835\ude00 \ud835\uddef\u00e1\ud835\ude00\ud835\uddf6\ud835\uddf0\ud835\uddfc\ud835\ude00 \ud835\uddfd\ud835\uddee\ud835\uddff\ud835\uddee \ud835\uddfb\ud835\ude02\ud835\uddf2\ud835\ude00\ud835\ude01\ud835\uddff\ud835\uddee \ud835\uddf4\ud835\uddf2\ud835\uddfb\ud835\ude01\ud835\uddf2"},"content":{"rendered":"\n<p>Uniendo fuerzas y voluntades, personal de Obras P\u00fablicas, Agua Potable y los usuarios de la calle Mentor Manjarrez del barrio El Tambo, realizan el mantenimiento de esta v\u00eda, mediante el cambio de una parte de la l\u00ednea de alcantarillado y la construcci\u00f3n de un pozo de revisi\u00f3n adicional, a fin de mejorar el flujo de aguas servidas.<\/p>\n\n\n\n<p>Para brindar mayor seguridad y fijaci\u00f3n <a><\/a>del adoqu\u00edn se incrementaron el n\u00famero de \u201c\ud835\uddef\ud835\uddf2\ud835\uddff\ud835\uddfa\ud835\uddee\ud835\ude00\u201d a lo largo de la v\u00eda, as\u00ed tambi\u00e9n el cambio de base y sub base para la nivelaci\u00f3n y reposici\u00f3n de adoquinado que permita devolver el tr\u00e1nsito vehicular y peatonal en el sector.<\/p>\n","protected":false},"excerpt":{"rendered":"<p>Uniendo fuerzas y voluntades, personal de Obras P\u00fablicas, Agua Potable&hellip; <\/p>\n","protected":false},"author":1,"featured_media":3044,"comment_status":"closed","ping_status":"closed","sticky":false,"template":"","format":"standard","meta":{"footnotes":""},"categories":[9],"tags":[],"class_list":["post-3043","post","type-post","status-publish","format-standard","has-post-thumbnail","hentry","category-slider"],"_links":{"self":[{"href":"https:\/\/pelileo.gob.ec\/v3\/wp-json\/wp\/v2\/posts\/3043","targetHints":{"allow":["GET"]}}],"collection":[{"href":"https:\/\/pelileo.gob.ec\/v3\/wp-json\/wp\/v2\/posts"}],"about":[{"href":"https:\/\/pelileo.gob.ec\/v3\/wp-json\/wp\/v2\/types\/post"}],"author":[{"embeddable":true,"href":"https:\/\/pelileo.gob.ec\/v3\/wp-json\/wp\/v2\/users\/1"}],"replies":[{"embeddable":true,"href":"https:\/\/pelileo.gob.ec\/v3\/wp-json\/wp\/v2\/comments?post=3043"}],"version-history":[{"count":1,"href":"https:\/\/pelileo.gob.ec\/v3\/wp-json\/wp\/v2\/posts\/3043\/revisions"}],"predecessor-version":[{"id":3045,"href":"https:\/\/pelileo.gob.ec\/v3\/wp-json\/wp\/v2\/posts\/3043\/revisions\/3045"}],"wp:featuredmedia":[{"embeddable":true,"href":"https:\/\/pelileo.gob.ec\/v3\/wp-json\/wp\/v2\/media\/3044"}],"wp:attachment":[{"href":"https:\/\/pelileo.gob.ec\/v3\/wp-json\/wp\/v2\/media?parent=3043"}],"wp:term":[{"taxonomy":"category","embeddable":true,"href":"https:\/\/pelileo.gob.ec\/v3\/wp-json\/wp\/v2\/categories?post=3043"},{"taxonomy":"post_tag","embeddable":true,"href":"https:\/\/pelileo.gob.ec\/v3\/wp-json\/wp\/v2\/tags?post=3043"}],"curies":[{"name":"wp","href":"https:\/\/api.w.org\/{rel}","templated":true}]}}