{"id":3055,"date":"2024-02-05T15:45:45","date_gmt":"2024-02-05T20:45:45","guid":{"rendered":"https:\/\/pelileo.gob.ec\/portal\/?p=3055"},"modified":"2024-02-05T15:45:45","modified_gmt":"2024-02-05T20:45:45","slug":"%f0%9d%97%94%f0%9d%97%b9%f0%9d%97%b0%f0%9d%97%ae%f0%9d%97%bb%f0%9d%98%81%f0%9d%97%ae%f0%9d%97%bf%f0%9d%97%b6%f0%9d%97%b9%f0%9d%97%b9%f0%9d%97%ae%f0%9d%97%b1%f0%9d%97%bc-%f0%9d%98%80%f0%9d%97%ae","status":"publish","type":"post","link":"https:\/\/pelileo.gob.ec\/v3\/%f0%9d%97%94%f0%9d%97%b9%f0%9d%97%b0%f0%9d%97%ae%f0%9d%97%bb%f0%9d%98%81%f0%9d%97%ae%f0%9d%97%bf%f0%9d%97%b6%f0%9d%97%b9%f0%9d%97%b9%f0%9d%97%ae%f0%9d%97%b1%f0%9d%97%bc-%f0%9d%98%80%f0%9d%97%ae\/","title":{"rendered":"\ud835\uddd4\ud835\uddf9\ud835\uddf0\ud835\uddee\ud835\uddfb\ud835\ude01\ud835\uddee\ud835\uddff\ud835\uddf6\ud835\uddf9\ud835\uddf9\ud835\uddee\ud835\uddf1\ud835\uddfc \ud835\ude00\ud835\uddee\ud835\uddfb\ud835\uddf6\ud835\ude01\ud835\uddee\ud835\uddff\ud835\uddf6\ud835\uddfc \ud835\uddfd\ud835\uddee\ud835\uddff\ud835\uddee \ud835\udde6\ud835\uddee\ud835\uddf9\ud835\uddee\ud835\ude01\ud835\uddf2, \ud835\udddf\ud835\uddee \ud835\uddd6\ud835\uddf9\ud835\uddf2\ud835\uddfa\ud835\uddf2\ud835\uddfb\ud835\ude01\ud835\uddf6\ud835\uddfb\ud835\uddee, \ud835\udddf\ud835\uddfc\ud835\ude00 \ud835\uddd6\ud835\uddf6\ud835\uddfd\ud835\uddff\ud835\uddf2\ud835\ude00\ud835\uddf2\ud835\ude00 \ud835\ude06 \ud835\uddfd\ud835\uddee\ud835\uddff\ud835\ude01\ud835\uddf2 \ud835\uddf1\ud835\uddf2 \ud835\udde6\ud835\uddf6\ud835\uddf4\ud835\ude02\ud835\uddee\ud835\uddf9\u00f3 \ud835\ude00\ud835\uddf2\ud835\uddff\u00e1 \ud835\ude02\ud835\uddfb\ud835\uddee \ud835\uddff\ud835\uddf2\ud835\uddee\ud835\uddf9\ud835\uddf6\ud835\uddf1\ud835\uddee\ud835\uddf1"},"content":{"rendered":"\n<p>En el marco del respeto y consideraci\u00f3n hacia las comunidades de Salate, La Clementina, Los Cipreses y parte de Sigual\u00f3, el alcalde Gabriel Z\u00fa\u00f1iga, su equipo t\u00e9cnico y el Concejal Julio Flores; asistieron hasta la comunidad de Salate donde \ud835\uddff\ud835\uddee\ud835\ude01\ud835\uddf6\ud835\uddf3\ud835\uddf6\ud835\uddf0\ud835\uddee\ud835\uddff\ud835\uddfc\ud835\uddfb \ud835\uddf2\ud835\uddf9 <a><\/a>\ud835\uddf0\ud835\uddfc\ud835\uddfa\ud835\uddfd\ud835\uddff\ud835\uddfc\ud835\uddfa\ud835\uddf6\ud835\ude00\ud835\uddfc \ud835\uddf1\ud835\uddf2 \ud835\uddf9\ud835\uddee \ud835\uddfa\ud835\ude02\ud835\uddfb\ud835\uddf6\ud835\uddf0\ud835\uddf6\ud835\uddfd\ud835\uddee\ud835\uddf9\ud835\uddf6\ud835\uddf1\ud835\uddee\ud835\uddf1 \ud835\uddfd\ud835\uddee\ud835\uddff\ud835\uddee \ud835\uddf9\ud835\uddee \ud835\uddf0\ud835\uddfc\ud835\uddfb\ud835\ude00\ud835\ude01\ud835\uddff\ud835\ude02\ud835\uddf0\ud835\uddf0\ud835\uddf6\u00f3\ud835\uddfb \ud835\uddf1\ud835\uddf2\ud835\uddf9 \ud835\ude00\ud835\uddf6\ud835\ude00\ud835\ude01\ud835\uddf2\ud835\uddfa\ud835\uddee \ud835\uddf1\ud835\uddf2 \ud835\uddee\ud835\uddf9\ud835\uddf0\ud835\uddee\ud835\uddfb\ud835\ude01\ud835\uddee\ud835\uddff\ud835\uddf6\ud835\uddf9\ud835\uddf9\ud835\uddee\ud835\uddf1\ud835\uddfc \ud835\ude00\ud835\uddee\ud835\uddfb\ud835\uddf6\ud835\ude01\ud835\uddee\ud835\uddff\ud835\uddf6\ud835\uddfc \ud835\ude06 \ud835\uddfd\ud835\uddf9\ud835\uddee\ud835\uddfb\ud835\ude01\ud835\uddee \ud835\uddf1\ud835\uddf2 \ud835\ude01\ud835\uddff\ud835\uddee\ud835\ude01\ud835\uddee\ud835\uddfa\ud835\uddf6\ud835\uddf2\ud835\uddfb\ud835\ude01\ud835\uddfc para beneficio de los habitantes de estos sectores.<\/p>\n\n\n\n<p>En tal virtud, la primera autoridad municipal desvirtu\u00f3 comentarios maliciosos que indicaban que no se realizar\u00eda esta obra, para lo cual documentadamente explic\u00f3 el avance del proceso con el Banco de Desarrollo, incluso present\u00f3 el documento de ampliaci\u00f3n de plazo para el primer desembolso econ\u00f3mico, lo que significa que el dinero existe al igual que la voluntad de las autoridades para cristalizar esta justa aspiraci\u00f3n de m\u00e1s de 40 a\u00f1os de su poblaci\u00f3n, acot\u00f3.<\/p>\n","protected":false},"excerpt":{"rendered":"<p>En el marco del respeto y consideraci\u00f3n hacia las comunidades&hellip; <\/p>\n","protected":false},"author":1,"featured_media":3056,"comment_status":"closed","ping_status":"closed","sticky":false,"template":"","format":"standard","meta":{"footnotes":""},"categories":[9],"tags":[],"class_list":["post-3055","post","type-post","status-publish","format-standard","has-post-thumbnail","hentry","category-slider"],"_links":{"self":[{"href":"https:\/\/pelileo.gob.ec\/v3\/wp-json\/wp\/v2\/posts\/3055","targetHints":{"allow":["GET"]}}],"collection":[{"href":"https:\/\/pelileo.gob.ec\/v3\/wp-json\/wp\/v2\/posts"}],"about":[{"href":"https:\/\/pelileo.gob.ec\/v3\/wp-json\/wp\/v2\/types\/post"}],"author":[{"embeddable":true,"href":"https:\/\/pelileo.gob.ec\/v3\/wp-json\/wp\/v2\/users\/1"}],"replies":[{"embeddable":true,"href":"https:\/\/pelileo.gob.ec\/v3\/wp-json\/wp\/v2\/comments?post=3055"}],"version-history":[{"count":1,"href":"https:\/\/pelileo.gob.ec\/v3\/wp-json\/wp\/v2\/posts\/3055\/revisions"}],"predecessor-version":[{"id":3057,"href":"https:\/\/pelileo.gob.ec\/v3\/wp-json\/wp\/v2\/posts\/3055\/revisions\/3057"}],"wp:featuredmedia":[{"embeddable":true,"href":"https:\/\/pelileo.gob.ec\/v3\/wp-json\/wp\/v2\/media\/3056"}],"wp:attachment":[{"href":"https:\/\/pelileo.gob.ec\/v3\/wp-json\/wp\/v2\/media?parent=3055"}],"wp:term":[{"taxonomy":"category","embeddable":true,"href":"https:\/\/pelileo.gob.ec\/v3\/wp-json\/wp\/v2\/categories?post=3055"},{"taxonomy":"post_tag","embeddable":true,"href":"https:\/\/pelileo.gob.ec\/v3\/wp-json\/wp\/v2\/tags?post=3055"}],"curies":[{"name":"wp","href":"https:\/\/api.w.org\/{rel}","templated":true}]}}