{"id":3079,"date":"2024-02-15T16:29:01","date_gmt":"2024-02-15T21:29:01","guid":{"rendered":"https:\/\/pelileo.gob.ec\/portal\/?p=3079"},"modified":"2024-02-15T16:29:01","modified_gmt":"2024-02-15T21:29:01","slug":"%f0%9d%97%96%f0%9d%97%ae%f0%9d%97%bf%f0%9d%97%bb%f0%9d%97%ae%f0%9d%98%83%f0%9d%97%ae%f0%9d%97%b9-%f0%9d%98%82%f0%9d%97%bb%f0%9d%97%ae-%f0%9d%97%b3%f0%9d%97%b6%f0%9d%97%b2%f0%9d%98%80%f0%9d%98%81","status":"publish","type":"post","link":"https:\/\/pelileo.gob.ec\/v3\/%f0%9d%97%96%f0%9d%97%ae%f0%9d%97%bf%f0%9d%97%bb%f0%9d%97%ae%f0%9d%98%83%f0%9d%97%ae%f0%9d%97%b9-%f0%9d%98%82%f0%9d%97%bb%f0%9d%97%ae-%f0%9d%97%b3%f0%9d%97%b6%f0%9d%97%b2%f0%9d%98%80%f0%9d%98%81\/","title":{"rendered":"\ud835\uddd6\ud835\uddee\ud835\uddff\ud835\uddfb\ud835\uddee\ud835\ude03\ud835\uddee\ud835\uddf9: \ud835\ude02\ud835\uddfb\ud835\uddee \ud835\uddf3\ud835\uddf6\ud835\uddf2\ud835\ude00\ud835\ude01\ud835\uddee \ud835\uddf1\ud835\uddf2 \ud835\ude01\ud835\uddff\ud835\uddee\ud835\uddf1\ud835\uddf6\ud835\uddf0\ud835\uddf6\u00f3\ud835\uddfb \ud835\ude06 \ud835\uddf1\ud835\uddf6\ud835\ude03\ud835\uddf2\ud835\uddff\ud835\ude00\ud835\uddf6\u00f3\ud835\uddfb \ud835\uddf3\ud835\uddee\ud835\uddfa\ud835\uddf6\ud835\uddf9\ud835\uddf6\ud835\uddee\ud835\uddff"},"content":{"rendered":"\n<p>Varias manifestaciones art\u00edsticas y culturales convocaron a miles de turistas y pelile\u00f1os hasta la ciudad azul para ser parte de la celebraci\u00f3n del carnaval, que permiti\u00f3 adem\u00e1s que los negocios y emprendimientos se reactiven.<\/p>\n\n\n\n<p>Dejamos constancia de la gratitud al pueblo de Pelileo y a los ilustres visitantes que compartieron con nosotros los eventos programados por la <a><\/a>municipalidad, quienes disfrutaron con prudencia y educaci\u00f3n la algarab\u00eda propia de la \u00e9poca carnavalera.<\/p>\n","protected":false},"excerpt":{"rendered":"<p>Varias manifestaciones art\u00edsticas y culturales convocaron a miles de turistas&hellip; <\/p>\n","protected":false},"author":1,"featured_media":3080,"comment_status":"closed","ping_status":"closed","sticky":false,"template":"","format":"standard","meta":{"footnotes":""},"categories":[9],"tags":[],"class_list":["post-3079","post","type-post","status-publish","format-standard","has-post-thumbnail","hentry","category-slider"],"_links":{"self":[{"href":"https:\/\/pelileo.gob.ec\/v3\/wp-json\/wp\/v2\/posts\/3079","targetHints":{"allow":["GET"]}}],"collection":[{"href":"https:\/\/pelileo.gob.ec\/v3\/wp-json\/wp\/v2\/posts"}],"about":[{"href":"https:\/\/pelileo.gob.ec\/v3\/wp-json\/wp\/v2\/types\/post"}],"author":[{"embeddable":true,"href":"https:\/\/pelileo.gob.ec\/v3\/wp-json\/wp\/v2\/users\/1"}],"replies":[{"embeddable":true,"href":"https:\/\/pelileo.gob.ec\/v3\/wp-json\/wp\/v2\/comments?post=3079"}],"version-history":[{"count":1,"href":"https:\/\/pelileo.gob.ec\/v3\/wp-json\/wp\/v2\/posts\/3079\/revisions"}],"predecessor-version":[{"id":3081,"href":"https:\/\/pelileo.gob.ec\/v3\/wp-json\/wp\/v2\/posts\/3079\/revisions\/3081"}],"wp:featuredmedia":[{"embeddable":true,"href":"https:\/\/pelileo.gob.ec\/v3\/wp-json\/wp\/v2\/media\/3080"}],"wp:attachment":[{"href":"https:\/\/pelileo.gob.ec\/v3\/wp-json\/wp\/v2\/media?parent=3079"}],"wp:term":[{"taxonomy":"category","embeddable":true,"href":"https:\/\/pelileo.gob.ec\/v3\/wp-json\/wp\/v2\/categories?post=3079"},{"taxonomy":"post_tag","embeddable":true,"href":"https:\/\/pelileo.gob.ec\/v3\/wp-json\/wp\/v2\/tags?post=3079"}],"curies":[{"name":"wp","href":"https:\/\/api.w.org\/{rel}","templated":true}]}}