{"id":3092,"date":"2024-02-26T15:36:30","date_gmt":"2024-02-26T20:36:30","guid":{"rendered":"https:\/\/pelileo.gob.ec\/portal\/?p=3092"},"modified":"2024-02-26T15:36:30","modified_gmt":"2024-02-26T20:36:30","slug":"espacio-fisico-donde-funcionara-el-centro-de-desarrollo-cultural","status":"publish","type":"post","link":"https:\/\/pelileo.gob.ec\/v3\/espacio-fisico-donde-funcionara-el-centro-de-desarrollo-cultural\/","title":{"rendered":"Espacio f\u00edsico donde funcionar\u00e1 el Centro de Desarrollo Cultural"},"content":{"rendered":"\n<p>La adecuaci\u00f3n del espacio f\u00edsico donde funcionar\u00e1 el Centro de Desarrollo Cultural se encamina para que este mismo a\u00f1o, nuestros ni\u00f1os, j\u00f3venes y adolescentes dispongan de un lugar apropiado donde aprendan y demuestren sus habilidades art\u00edsticas y culturales.<\/p>\n","protected":false},"excerpt":{"rendered":"<p>La adecuaci\u00f3n del espacio f\u00edsico donde funcionar\u00e1 el Centro de&hellip; <\/p>\n","protected":false},"author":1,"featured_media":3093,"comment_status":"closed","ping_status":"closed","sticky":false,"template":"","format":"standard","meta":{"footnotes":""},"categories":[9],"tags":[],"class_list":["post-3092","post","type-post","status-publish","format-standard","has-post-thumbnail","hentry","category-slider"],"_links":{"self":[{"href":"https:\/\/pelileo.gob.ec\/v3\/wp-json\/wp\/v2\/posts\/3092","targetHints":{"allow":["GET"]}}],"collection":[{"href":"https:\/\/pelileo.gob.ec\/v3\/wp-json\/wp\/v2\/posts"}],"about":[{"href":"https:\/\/pelileo.gob.ec\/v3\/wp-json\/wp\/v2\/types\/post"}],"author":[{"embeddable":true,"href":"https:\/\/pelileo.gob.ec\/v3\/wp-json\/wp\/v2\/users\/1"}],"replies":[{"embeddable":true,"href":"https:\/\/pelileo.gob.ec\/v3\/wp-json\/wp\/v2\/comments?post=3092"}],"version-history":[{"count":1,"href":"https:\/\/pelileo.gob.ec\/v3\/wp-json\/wp\/v2\/posts\/3092\/revisions"}],"predecessor-version":[{"id":3094,"href":"https:\/\/pelileo.gob.ec\/v3\/wp-json\/wp\/v2\/posts\/3092\/revisions\/3094"}],"wp:featuredmedia":[{"embeddable":true,"href":"https:\/\/pelileo.gob.ec\/v3\/wp-json\/wp\/v2\/media\/3093"}],"wp:attachment":[{"href":"https:\/\/pelileo.gob.ec\/v3\/wp-json\/wp\/v2\/media?parent=3092"}],"wp:term":[{"taxonomy":"category","embeddable":true,"href":"https:\/\/pelileo.gob.ec\/v3\/wp-json\/wp\/v2\/categories?post=3092"},{"taxonomy":"post_tag","embeddable":true,"href":"https:\/\/pelileo.gob.ec\/v3\/wp-json\/wp\/v2\/tags?post=3092"}],"curies":[{"name":"wp","href":"https:\/\/api.w.org\/{rel}","templated":true}]}}