{"id":3095,"date":"2024-02-26T15:39:13","date_gmt":"2024-02-26T20:39:13","guid":{"rendered":"https:\/\/pelileo.gob.ec\/portal\/?p=3095"},"modified":"2024-02-26T15:39:13","modified_gmt":"2024-02-26T20:39:13","slug":"%f0%9d%97%a3%f0%9d%97%ae%f0%9d%97%bf%f0%9d%97%ae%f0%9d%97%b1%f0%9d%97%ae-%f0%9d%97%b1%f0%9d%97%b2-%f0%9d%98%81%f0%9d%97%bf%f0%9d%97%ae%f0%9d%97%bb%f0%9d%98%80%f0%9d%97%bd%f0%9d%97%bc%f0%9d%97%bf","status":"publish","type":"post","link":"https:\/\/pelileo.gob.ec\/v3\/%f0%9d%97%a3%f0%9d%97%ae%f0%9d%97%bf%f0%9d%97%ae%f0%9d%97%b1%f0%9d%97%ae-%f0%9d%97%b1%f0%9d%97%b2-%f0%9d%98%81%f0%9d%97%bf%f0%9d%97%ae%f0%9d%97%bb%f0%9d%98%80%f0%9d%97%bd%f0%9d%97%bc%f0%9d%97%bf\/","title":{"rendered":"\ud835\udde3\ud835\uddee\ud835\uddff\ud835\uddee\ud835\uddf1\ud835\uddee \ud835\uddf1\ud835\uddf2 \ud835\ude01\ud835\uddff\ud835\uddee\ud835\uddfb\ud835\ude00\ud835\uddfd\ud835\uddfc\ud835\uddff\ud835\ude01\ud835\uddf2 \ud835\uddf6\ud835\uddfb\ud835\ude01\ud835\uddf2\ud835\uddff\ud835\uddf0\ud835\uddee\ud835\uddfb\ud835\ude01\ud835\uddfc\ud835\uddfb\ud835\uddee\ud835\uddf9 \ud835\uddf3\ud835\ude02\ud835\uddf2 \ud835\uddff\ud835\uddf2\ud835\ude02\ud835\uddef\ud835\uddf6\ud835\uddf0\ud835\uddee\ud835\uddf1\ud835\uddee \ud835\uddfd\ud835\uddfc\ud835\uddff \ud835\ude00\ud835\uddf2\ud835\uddf4\ud835\ude02\ud835\uddff\ud835\uddf6\ud835\uddf1\ud835\uddee\ud835\uddf1"},"content":{"rendered":"\n<p>Con base a un estudio t\u00e9cnico y levantamiento de informaci\u00f3n realizado por la Mancomunidad de Tr\u00e1nsito \u201cTungurahua\u201d, se reubic\u00f3 la parada de transporte intercantonal en la calle Luis Larrea Bautista, diagonal al Hospital B\u00e1sico Pelileo, para las unidades con destino a los cantones Patate, Ba\u00f1os y la Amazon\u00eda ecuatoriana.<\/p>\n\n\n\n<p>Jhony Morales, t\u00e9cnicos de la <a><\/a>Mancomunidad de Tr\u00e1nsito explic\u00f3 que este cambio permitir\u00e1 precautelar la seguridad de los transportistas y usuarios, ya que el espacio ubicado en la variante de ingreso a la v\u00eda E-30 se encuentra en pendiente y en curva, adem\u00e1s el espacio de la v\u00eda debe tener m\u00ednimo 9,80 metros y solamente cuenta con 8 metros.<\/p>\n\n\n\n<p>El nuevo espacio asignado re\u00fane todas las condiciones t\u00e9cnicas y de seguridad necesarias: un ancho de 12 metros, se\u00f1alizaci\u00f3n horizontal y vertical y caseta de protecci\u00f3n para los pasajeros, lo que permitir\u00e1 que los usuarios puedan abordar los veh\u00edculos sin ning\u00fan tipo de riesgos.<\/p>\n","protected":false},"excerpt":{"rendered":"<p>Con base a un estudio t\u00e9cnico y levantamiento de informaci\u00f3n&hellip; <\/p>\n","protected":false},"author":1,"featured_media":3096,"comment_status":"closed","ping_status":"closed","sticky":false,"template":"","format":"standard","meta":{"footnotes":""},"categories":[9],"tags":[],"class_list":["post-3095","post","type-post","status-publish","format-standard","has-post-thumbnail","hentry","category-slider"],"_links":{"self":[{"href":"https:\/\/pelileo.gob.ec\/v3\/wp-json\/wp\/v2\/posts\/3095","targetHints":{"allow":["GET"]}}],"collection":[{"href":"https:\/\/pelileo.gob.ec\/v3\/wp-json\/wp\/v2\/posts"}],"about":[{"href":"https:\/\/pelileo.gob.ec\/v3\/wp-json\/wp\/v2\/types\/post"}],"author":[{"embeddable":true,"href":"https:\/\/pelileo.gob.ec\/v3\/wp-json\/wp\/v2\/users\/1"}],"replies":[{"embeddable":true,"href":"https:\/\/pelileo.gob.ec\/v3\/wp-json\/wp\/v2\/comments?post=3095"}],"version-history":[{"count":1,"href":"https:\/\/pelileo.gob.ec\/v3\/wp-json\/wp\/v2\/posts\/3095\/revisions"}],"predecessor-version":[{"id":3097,"href":"https:\/\/pelileo.gob.ec\/v3\/wp-json\/wp\/v2\/posts\/3095\/revisions\/3097"}],"wp:featuredmedia":[{"embeddable":true,"href":"https:\/\/pelileo.gob.ec\/v3\/wp-json\/wp\/v2\/media\/3096"}],"wp:attachment":[{"href":"https:\/\/pelileo.gob.ec\/v3\/wp-json\/wp\/v2\/media?parent=3095"}],"wp:term":[{"taxonomy":"category","embeddable":true,"href":"https:\/\/pelileo.gob.ec\/v3\/wp-json\/wp\/v2\/categories?post=3095"},{"taxonomy":"post_tag","embeddable":true,"href":"https:\/\/pelileo.gob.ec\/v3\/wp-json\/wp\/v2\/tags?post=3095"}],"curies":[{"name":"wp","href":"https:\/\/api.w.org\/{rel}","templated":true}]}}