{"id":3101,"date":"2024-02-26T15:45:17","date_gmt":"2024-02-26T20:45:17","guid":{"rendered":"https:\/\/pelileo.gob.ec\/portal\/?p=3101"},"modified":"2024-02-26T15:45:17","modified_gmt":"2024-02-26T20:45:17","slug":"f%f0%9d%97%bc%f0%9d%97%bf%f0%9d%98%81%f0%9d%97%ae%f0%9d%97%b9%f0%9d%97%b2%f0%9d%97%b0%f0%9d%97%b2%f0%9d%97%bf-%f0%9d%97%b2%f0%9d%97%b9-%f0%9d%97%b0%f0%9d%97%bc%f0%9d%97%ba%f0%9d%97%b2%f0%9d%97%bf","status":"publish","type":"post","link":"https:\/\/pelileo.gob.ec\/v3\/f%f0%9d%97%bc%f0%9d%97%bf%f0%9d%98%81%f0%9d%97%ae%f0%9d%97%b9%f0%9d%97%b2%f0%9d%97%b0%f0%9d%97%b2%f0%9d%97%bf-%f0%9d%97%b2%f0%9d%97%b9-%f0%9d%97%b0%f0%9d%97%bc%f0%9d%97%ba%f0%9d%97%b2%f0%9d%97%bf\/","title":{"rendered":"F\ud835\uddfc\ud835\uddff\ud835\ude01\ud835\uddee\ud835\uddf9\ud835\uddf2\ud835\uddf0\ud835\uddf2\ud835\uddff \ud835\uddf2\ud835\uddf9 \ud835\uddf0\ud835\uddfc\ud835\uddfa\ud835\uddf2\ud835\uddff\ud835\uddf0\ud835\uddf6\ud835\uddfc \ud835\uddfc\ud835\uddff\ud835\uddf4\ud835\uddee\ud835\uddfb\ud835\uddf6\ud835\ude07\ud835\uddee\ud835\uddf1\ud835\uddfc \ud835\uddf2\ud835\uddfb \ud835\udde3\ud835\uddf2\ud835\uddf9\ud835\uddf6\ud835\uddf9\ud835\uddf2\ud835\uddfc"},"content":{"rendered":"\n<p>Agentes de control Municipal, junto al Director de Servicios P\u00fablicos y el Inspector de Plazas y Mercados, notificaron a los vendedores informales, la prohibici\u00f3n de ocupar las veredas para actividades comerciales.<\/p>\n\n\n\n<p>De igual forma, convocaron a una reuni\u00f3n de trabajo para el pr\u00f3ximo s\u00e1bado, donde coordinar\u00e1n la entrega de espacios de <a><\/a>comercializaci\u00f3n en la Plaza 12 de noviembre con todas las garant\u00edas necesarias para restablecer el comercio en esta importante plaza de nuestro cant\u00f3n.<\/p>\n","protected":false},"excerpt":{"rendered":"<p>Agentes de control Municipal, junto al Director de Servicios P\u00fablicos&hellip; <\/p>\n","protected":false},"author":1,"featured_media":3102,"comment_status":"closed","ping_status":"closed","sticky":false,"template":"","format":"standard","meta":{"footnotes":""},"categories":[9],"tags":[],"class_list":["post-3101","post","type-post","status-publish","format-standard","has-post-thumbnail","hentry","category-slider"],"_links":{"self":[{"href":"https:\/\/pelileo.gob.ec\/v3\/wp-json\/wp\/v2\/posts\/3101","targetHints":{"allow":["GET"]}}],"collection":[{"href":"https:\/\/pelileo.gob.ec\/v3\/wp-json\/wp\/v2\/posts"}],"about":[{"href":"https:\/\/pelileo.gob.ec\/v3\/wp-json\/wp\/v2\/types\/post"}],"author":[{"embeddable":true,"href":"https:\/\/pelileo.gob.ec\/v3\/wp-json\/wp\/v2\/users\/1"}],"replies":[{"embeddable":true,"href":"https:\/\/pelileo.gob.ec\/v3\/wp-json\/wp\/v2\/comments?post=3101"}],"version-history":[{"count":1,"href":"https:\/\/pelileo.gob.ec\/v3\/wp-json\/wp\/v2\/posts\/3101\/revisions"}],"predecessor-version":[{"id":3103,"href":"https:\/\/pelileo.gob.ec\/v3\/wp-json\/wp\/v2\/posts\/3101\/revisions\/3103"}],"wp:featuredmedia":[{"embeddable":true,"href":"https:\/\/pelileo.gob.ec\/v3\/wp-json\/wp\/v2\/media\/3102"}],"wp:attachment":[{"href":"https:\/\/pelileo.gob.ec\/v3\/wp-json\/wp\/v2\/media?parent=3101"}],"wp:term":[{"taxonomy":"category","embeddable":true,"href":"https:\/\/pelileo.gob.ec\/v3\/wp-json\/wp\/v2\/categories?post=3101"},{"taxonomy":"post_tag","embeddable":true,"href":"https:\/\/pelileo.gob.ec\/v3\/wp-json\/wp\/v2\/tags?post=3101"}],"curies":[{"name":"wp","href":"https:\/\/api.w.org\/{rel}","templated":true}]}}