{"id":3121,"date":"2024-03-07T14:34:50","date_gmt":"2024-03-07T19:34:50","guid":{"rendered":"https:\/\/pelileo.gob.ec\/portal\/?p=3121"},"modified":"2024-03-07T14:34:50","modified_gmt":"2024-03-07T19:34:50","slug":"%f0%9d%97%a0%f0%9d%97%ae%f0%9d%97%bb%f0%9d%98%81%f0%9d%97%b2%f0%9d%97%bb%f0%9d%97%b6%f0%9d%97%ba%f0%9d%97%b6%f0%9d%97%b2%f0%9d%97%bb%f0%9d%98%81%f0%9d%97%bc-%f0%9d%97%b1%f0%9d%97%b2-%f0%9d%98%83i","status":"publish","type":"post","link":"https:\/\/pelileo.gob.ec\/v3\/%f0%9d%97%a0%f0%9d%97%ae%f0%9d%97%bb%f0%9d%98%81%f0%9d%97%b2%f0%9d%97%bb%f0%9d%97%b6%f0%9d%97%ba%f0%9d%97%b6%f0%9d%97%b2%f0%9d%97%bb%f0%9d%98%81%f0%9d%97%bc-%f0%9d%97%b1%f0%9d%97%b2-%f0%9d%98%83i\/","title":{"rendered":"\ud835\udde0\ud835\uddee\ud835\uddfb\ud835\ude01\ud835\uddf2\ud835\uddfb\ud835\uddf6\ud835\uddfa\ud835\uddf6\ud835\uddf2\ud835\uddfb\ud835\ude01\ud835\uddfc \ud835\uddf1\ud835\uddf2 \ud835\ude03\u00ed\ud835\uddee\ud835\ude00 \ud835\uddf2\ud835\uddfb \ud835\uddf9\ud835\uddee \ud835\uddfd\ud835\uddee\ud835\uddff\ud835\uddff\ud835\uddfc\ud835\uddfe\ud835\ude02\ud835\uddf6\ud835\uddee \ud835\uddd6\ud835\uddfc\ud835\ude01\ud835\uddee\ud835\uddf9\u00f3"},"content":{"rendered":"\n<p>En un trabajo coordinado con el GAD parroquial de <a href=\"https:\/\/www.facebook.com\/hashtag\/cotal%C3%B3?__eep__=6&amp;__cft__[0]=AZUbQIEYZ09sO8ncnRIxBIytnjlGbVrnOE7eUwRCHer1K3KXiMUuyWCXcY5qbEvJ_dBva-C4X8O7Awgnz99RSVZzv4lrb3SfXtZKTdOWyj1qb2ZuyZOpdeGyBOkA8IbgPecOO_D6cyL4Is0Hk67EtmjvPKCxcUoaW1UQBOTLRmi2lKhiUg6dHMCqBuFCc3oxZlA&amp;__tn__=*NK-R\">#Cotal\u00f3<\/a>, el alcalde Gabriel Z\u00fa\u00f1iga constat\u00f3 el inicio de trabajos de mantenimiento de v\u00edas en esta floreciente parroquia Pelile\u00f1a, para lo cual la autoridad municipal dispuso que la maquinaria y sus operadores cumplan este trabajo de acuerdo a la planificaci\u00f3n establecida previamente.<\/p>\n\n\n\n<p>\u201cAnte la proximidad de la \u00e9poca invernal, limpiaremos las <a><\/a>v\u00edas y sus cunetas, as\u00ed tambi\u00e9n se colocar\u00e1 una alcantarilla tipo \u00e1rmico en la comunidad Mucubi Chontapamba\u201d, explic\u00f3 Marisol Zurita, presidenta del GAD parroquial, tras agradecer a la municipalidad por el aporte recibido.<\/p>\n","protected":false},"excerpt":{"rendered":"<p>En un trabajo coordinado con el GAD parroquial de #Cotal\u00f3,&hellip; <\/p>\n","protected":false},"author":1,"featured_media":3122,"comment_status":"closed","ping_status":"closed","sticky":false,"template":"","format":"standard","meta":{"footnotes":""},"categories":[9],"tags":[],"class_list":["post-3121","post","type-post","status-publish","format-standard","has-post-thumbnail","hentry","category-slider"],"_links":{"self":[{"href":"https:\/\/pelileo.gob.ec\/v3\/wp-json\/wp\/v2\/posts\/3121","targetHints":{"allow":["GET"]}}],"collection":[{"href":"https:\/\/pelileo.gob.ec\/v3\/wp-json\/wp\/v2\/posts"}],"about":[{"href":"https:\/\/pelileo.gob.ec\/v3\/wp-json\/wp\/v2\/types\/post"}],"author":[{"embeddable":true,"href":"https:\/\/pelileo.gob.ec\/v3\/wp-json\/wp\/v2\/users\/1"}],"replies":[{"embeddable":true,"href":"https:\/\/pelileo.gob.ec\/v3\/wp-json\/wp\/v2\/comments?post=3121"}],"version-history":[{"count":1,"href":"https:\/\/pelileo.gob.ec\/v3\/wp-json\/wp\/v2\/posts\/3121\/revisions"}],"predecessor-version":[{"id":3123,"href":"https:\/\/pelileo.gob.ec\/v3\/wp-json\/wp\/v2\/posts\/3121\/revisions\/3123"}],"wp:featuredmedia":[{"embeddable":true,"href":"https:\/\/pelileo.gob.ec\/v3\/wp-json\/wp\/v2\/media\/3122"}],"wp:attachment":[{"href":"https:\/\/pelileo.gob.ec\/v3\/wp-json\/wp\/v2\/media?parent=3121"}],"wp:term":[{"taxonomy":"category","embeddable":true,"href":"https:\/\/pelileo.gob.ec\/v3\/wp-json\/wp\/v2\/categories?post=3121"},{"taxonomy":"post_tag","embeddable":true,"href":"https:\/\/pelileo.gob.ec\/v3\/wp-json\/wp\/v2\/tags?post=3121"}],"curies":[{"name":"wp","href":"https:\/\/api.w.org\/{rel}","templated":true}]}}