{"id":3127,"date":"2024-03-07T14:42:47","date_gmt":"2024-03-07T19:42:47","guid":{"rendered":"https:\/\/pelileo.gob.ec\/portal\/?p=3127"},"modified":"2024-03-07T14:42:47","modified_gmt":"2024-03-07T19:42:47","slug":"%f0%9d%97%a0%f0%9d%98%82%f0%9d%97%bb%f0%9d%97%b6%f0%9d%97%b0%f0%9d%97%b6%f0%9d%97%bd%f0%9d%97%ae%f0%9d%97%b9%f0%9d%97%b6%f0%9d%97%b1%f0%9d%97%ae%f0%9d%97%b1-%f0%9d%97%b2%f0%9d%97%bb%f0%9d%98%81","status":"publish","type":"post","link":"https:\/\/pelileo.gob.ec\/v3\/%f0%9d%97%a0%f0%9d%98%82%f0%9d%97%bb%f0%9d%97%b6%f0%9d%97%b0%f0%9d%97%b6%f0%9d%97%bd%f0%9d%97%ae%f0%9d%97%b9%f0%9d%97%b6%f0%9d%97%b1%f0%9d%97%ae%f0%9d%97%b1-%f0%9d%97%b2%f0%9d%97%bb%f0%9d%98%81\/","title":{"rendered":"\ud835\udde0\ud835\ude02\ud835\uddfb\ud835\uddf6\ud835\uddf0\ud835\uddf6\ud835\uddfd\ud835\uddee\ud835\uddf9\ud835\uddf6\ud835\uddf1\ud835\uddee\ud835\uddf1 \ud835\uddf2\ud835\uddfb\ud835\ude01\ud835\uddff\ud835\uddf2\ud835\uddf4\u00f3 \ud835\uddee\ud835\uddfd\ud835\uddfc\ud835\uddff\ud835\ude01\ud835\uddf2 \ud835\uddf2\ud835\uddf0\ud835\uddfc\ud835\uddfb\u00f3\ud835\uddfa\ud835\uddf6\ud835\uddf0\ud835\uddfc \ud835\uddee \ud835\uddf9\ud835\uddee \ud835\uddd9\ud835\ude02\ud835\uddfb\ud835\uddf1\ud835\uddee\ud835\uddf0\ud835\uddf6\u00f3\ud835\uddfb \ud835\udde6\ud835\uddee\ud835\uddfb \ud835\udddd\ud835\uddfc\ud835\ude00\u00e9 \ud835\uddf1\ud835\uddf2 \ud835\udddb\ud835\ude02\ud835\uddee\ud835\uddfa\ud835\uddef\ud835\uddee\ud835\uddf9\u00f3"},"content":{"rendered":"\n<p>Momentos de emotividad y compromiso se vivieron en la parroquia <a href=\"https:\/\/www.facebook.com\/hashtag\/huambal%C3%B3?__eep__=6&amp;__cft__[0]=AZVL8905Pa0nkOvLCB_yPthekGG5EQkAhLbGU41NtChG47-fpAmLVsYP5eNTw54GdHhOEkOijvcD1O5cqgELaAF8GBMbhOLg3nlR3zh3VPnm03yB5H_rkiPfMM7RBr3Kp9v73QzBL-oS6R9NKyASkl7bVTAbUxM0IZnx3ma4N3I6oIXC0p35wLsJfKxJpZqeuWg&amp;__tn__=*NK-R\">#Huambal\u00f3<\/a> con motivo de la suscripci\u00f3n del Convenio de Cooperaci\u00f3n interinstitucional entre el GAD Municipal de Pelileo y la <a href=\"https:\/\/www.facebook.com\/profile.php?id=100070689056617&amp;__cft__[0]=AZVL8905Pa0nkOvLCB_yPthekGG5EQkAhLbGU41NtChG47-fpAmLVsYP5eNTw54GdHhOEkOijvcD1O5cqgELaAF8GBMbhOLg3nlR3zh3VPnm03yB5H_rkiPfMM7RBr3Kp9v73QzBL-oS6R9NKyASkl7bVTAbUxM0IZnx3ma4N3I6oIXC0p35wLsJfKxJpZqeuWg&amp;__tn__=-]K-R\">Fundaci\u00f3n \u00abSan Jos\u00e9 de Huambal\u00f3\u00bb<\/a>, para el cumplimiento del proyecto \u201c\ud835\uddd4\ud835\uddf9\ud835\uddf0\ud835\uddee\ud835\uddfb\ud835\ude07\ud835\uddee\ud835\uddfb\ud835\uddf1\ud835\uddfc \ud835\uddfa\ud835\uddf2\ud835\ude01\ud835\uddee\ud835\ude00, \ud835\uddff\ud835\uddfc\ud835\uddfa\ud835\uddfd\ud835\uddf6\ud835\uddf2\ud835\uddfb\ud835\uddf1\ud835\uddfc \ud835\uddef\ud835\uddee\ud835\uddff\ud835\uddff\ud835\uddf2\ud835\uddff\ud835\uddee\ud835\ude00 \ud835\uddfd\ud835\uddfc\ud835\uddff \ud835\ude02\ud835\uddfb <a><\/a>\ud835\udde3\ud835\uddf2\ud835\uddf9\ud835\uddf6\ud835\uddf9\ud835\uddf2\ud835\uddfc \ud835\uddf6\ud835\uddfb\ud835\uddf0\ud835\uddf9\ud835\ude02\ud835\ude00\ud835\uddf6\ud835\ude03\ud835\uddfc\u201d.<\/p>\n\n\n\n<p>El alcalde Gabriel Z\u00fa\u00f1iga, destac\u00f3 el trabajo que llevan adelante los directivos y t\u00e9cnicos de la Fundaci\u00f3n para brindar atenci\u00f3n integral a todos los usuarios, mediante terapias de rehabilitaci\u00f3n y actividades artesanales en los diferentes talleres de aprendizaje; por ello, ratific\u00f3 el compromiso de la administraci\u00f3n municipal para continuar con este trabajo articulado.<\/p>\n","protected":false},"excerpt":{"rendered":"<p>Momentos de emotividad y compromiso se vivieron en la parroquia&hellip; <\/p>\n","protected":false},"author":1,"featured_media":3128,"comment_status":"closed","ping_status":"closed","sticky":false,"template":"","format":"standard","meta":{"footnotes":""},"categories":[9],"tags":[],"class_list":["post-3127","post","type-post","status-publish","format-standard","has-post-thumbnail","hentry","category-slider"],"_links":{"self":[{"href":"https:\/\/pelileo.gob.ec\/v3\/wp-json\/wp\/v2\/posts\/3127","targetHints":{"allow":["GET"]}}],"collection":[{"href":"https:\/\/pelileo.gob.ec\/v3\/wp-json\/wp\/v2\/posts"}],"about":[{"href":"https:\/\/pelileo.gob.ec\/v3\/wp-json\/wp\/v2\/types\/post"}],"author":[{"embeddable":true,"href":"https:\/\/pelileo.gob.ec\/v3\/wp-json\/wp\/v2\/users\/1"}],"replies":[{"embeddable":true,"href":"https:\/\/pelileo.gob.ec\/v3\/wp-json\/wp\/v2\/comments?post=3127"}],"version-history":[{"count":1,"href":"https:\/\/pelileo.gob.ec\/v3\/wp-json\/wp\/v2\/posts\/3127\/revisions"}],"predecessor-version":[{"id":3129,"href":"https:\/\/pelileo.gob.ec\/v3\/wp-json\/wp\/v2\/posts\/3127\/revisions\/3129"}],"wp:featuredmedia":[{"embeddable":true,"href":"https:\/\/pelileo.gob.ec\/v3\/wp-json\/wp\/v2\/media\/3128"}],"wp:attachment":[{"href":"https:\/\/pelileo.gob.ec\/v3\/wp-json\/wp\/v2\/media?parent=3127"}],"wp:term":[{"taxonomy":"category","embeddable":true,"href":"https:\/\/pelileo.gob.ec\/v3\/wp-json\/wp\/v2\/categories?post=3127"},{"taxonomy":"post_tag","embeddable":true,"href":"https:\/\/pelileo.gob.ec\/v3\/wp-json\/wp\/v2\/tags?post=3127"}],"curies":[{"name":"wp","href":"https:\/\/api.w.org\/{rel}","templated":true}]}}