{"id":3133,"date":"2024-03-07T14:50:34","date_gmt":"2024-03-07T19:50:34","guid":{"rendered":"https:\/\/pelileo.gob.ec\/portal\/?p=3133"},"modified":"2024-03-07T14:50:34","modified_gmt":"2024-03-07T19:50:34","slug":"%f0%9d%97%94%f0%9d%97%b9%f0%9d%97%b0%f0%9d%97%ae%f0%9d%97%b9%f0%9d%97%b1%f0%9d%97%b2-%f0%9d%97%b3%f0%9d%97%b2%f0%9d%97%b9%f0%9d%97%b6%f0%9d%97%b0%f0%9d%97%b6%f0%9d%98%81o-60-%f0%9d%97%aen%f0%9d%97%bc","status":"publish","type":"post","link":"https:\/\/pelileo.gob.ec\/v3\/%f0%9d%97%94%f0%9d%97%b9%f0%9d%97%b0%f0%9d%97%ae%f0%9d%97%b9%f0%9d%97%b1%f0%9d%97%b2-%f0%9d%97%b3%f0%9d%97%b2%f0%9d%97%b9%f0%9d%97%b6%f0%9d%97%b0%f0%9d%97%b6%f0%9d%98%81o-60-%f0%9d%97%aen%f0%9d%97%bc\/","title":{"rendered":"\ud835\uddd4\ud835\uddf9\ud835\uddf0\ud835\uddee\ud835\uddf9\ud835\uddf1\ud835\uddf2 \ud835\uddf3\ud835\uddf2\ud835\uddf9\ud835\uddf6\ud835\uddf0\ud835\uddf6\ud835\ude01\u00f3 60 \ud835\uddee\u00f1\ud835\uddfc\ud835\ude00 \ud835\uddf1\ud835\uddf2 \ud835\uddf9\ud835\uddee \ud835\uddd9\ud835\uddf2\ud835\uddf1\ud835\uddf2\ud835\uddff\ud835\uddee\ud835\uddf0\ud835\uddf6\u00f3\ud835\uddfb \ud835\uddf1\ud835\uddf2 \ud835\udddd\ud835\ude02\ud835\uddfb\ud835\ude01\ud835\uddee\ud835\ude00 \ud835\uddf1\ud835\uddf2 \ud835\uddd7\ud835\uddf2\ud835\uddf3\ud835\uddf2\ud835\uddfb\ud835\ude00\ud835\uddee \ud835\uddf1\ud835\uddf2\ud835\uddf9 \ud835\uddd6\ud835\uddee\ud835\uddfa\ud835\uddfd\ud835\uddf2\ud835\ude00\ud835\uddf6\ud835\uddfb\ud835\uddee\ud835\uddf1\ud835\uddfc"},"content":{"rendered":"\n<p>El alcalde Gabriel Z\u00fa\u00f1iga recibi\u00f3 en su despacho, a la flamante directiva de la Federaci\u00f3n de Juntas de Defensa del Campesinado del cant\u00f3n Pelileo; a quienes felicit\u00f3 por ser merecedores de la confianza de sus socios y augur\u00f3 \u00e9xitos al frente de tan delicadas funciones encaminadas a velar por la seguridad ciudadana del cant\u00f3n.<\/p>\n\n\n\n<p>Luis <a><\/a>Miguel Lluglla, Presidente electo de esta entidad; record\u00f3 que hace 60 a\u00f1os fue creada esta instituci\u00f3n para trabajar junto a las autoridades buscando la paz y tranquilidad de la sociedad Pelile\u00f1a, por ello, invit\u00f3 a la primera autoridad municipal a ser parte de esta conmemoraci\u00f3n en la Sesi\u00f3n Solemne que se realizar\u00e1 el s\u00e1bado 9 de marzo en la Sede de la instituci\u00f3n.<\/p>\n","protected":false},"excerpt":{"rendered":"<p>El alcalde Gabriel Z\u00fa\u00f1iga recibi\u00f3 en su despacho, a la&hellip; <\/p>\n","protected":false},"author":1,"featured_media":3134,"comment_status":"closed","ping_status":"closed","sticky":false,"template":"","format":"standard","meta":{"footnotes":""},"categories":[9],"tags":[],"class_list":["post-3133","post","type-post","status-publish","format-standard","has-post-thumbnail","hentry","category-slider"],"_links":{"self":[{"href":"https:\/\/pelileo.gob.ec\/v3\/wp-json\/wp\/v2\/posts\/3133","targetHints":{"allow":["GET"]}}],"collection":[{"href":"https:\/\/pelileo.gob.ec\/v3\/wp-json\/wp\/v2\/posts"}],"about":[{"href":"https:\/\/pelileo.gob.ec\/v3\/wp-json\/wp\/v2\/types\/post"}],"author":[{"embeddable":true,"href":"https:\/\/pelileo.gob.ec\/v3\/wp-json\/wp\/v2\/users\/1"}],"replies":[{"embeddable":true,"href":"https:\/\/pelileo.gob.ec\/v3\/wp-json\/wp\/v2\/comments?post=3133"}],"version-history":[{"count":1,"href":"https:\/\/pelileo.gob.ec\/v3\/wp-json\/wp\/v2\/posts\/3133\/revisions"}],"predecessor-version":[{"id":3135,"href":"https:\/\/pelileo.gob.ec\/v3\/wp-json\/wp\/v2\/posts\/3133\/revisions\/3135"}],"wp:featuredmedia":[{"embeddable":true,"href":"https:\/\/pelileo.gob.ec\/v3\/wp-json\/wp\/v2\/media\/3134"}],"wp:attachment":[{"href":"https:\/\/pelileo.gob.ec\/v3\/wp-json\/wp\/v2\/media?parent=3133"}],"wp:term":[{"taxonomy":"category","embeddable":true,"href":"https:\/\/pelileo.gob.ec\/v3\/wp-json\/wp\/v2\/categories?post=3133"},{"taxonomy":"post_tag","embeddable":true,"href":"https:\/\/pelileo.gob.ec\/v3\/wp-json\/wp\/v2\/tags?post=3133"}],"curies":[{"name":"wp","href":"https:\/\/api.w.org\/{rel}","templated":true}]}}