{"id":3136,"date":"2024-03-11T15:22:51","date_gmt":"2024-03-11T20:22:51","guid":{"rendered":"https:\/\/pelileo.gob.ec\/portal\/?p=3136"},"modified":"2024-03-11T15:22:51","modified_gmt":"2024-03-11T20:22:51","slug":"%f0%9d%97%94%f0%9d%98%82%f0%9d%98%81%f0%9d%97%bc%f0%9d%97%bf%f0%9d%97%b6%f0%9d%97%b1%f0%9d%97%ae%f0%9d%97%b1%f0%9d%97%b2%f0%9d%98%80-%f0%9d%97%ba%f0%9d%98%82%f0%9d%97%bb%f0%9d%97%b6%f0%9d%97%b0","status":"publish","type":"post","link":"https:\/\/pelileo.gob.ec\/v3\/%f0%9d%97%94%f0%9d%98%82%f0%9d%98%81%f0%9d%97%bc%f0%9d%97%bf%f0%9d%97%b6%f0%9d%97%b1%f0%9d%97%ae%f0%9d%97%b1%f0%9d%97%b2%f0%9d%98%80-%f0%9d%97%ba%f0%9d%98%82%f0%9d%97%bb%f0%9d%97%b6%f0%9d%97%b0\/","title":{"rendered":"\ud835\uddd4\ud835\ude02\ud835\ude01\ud835\uddfc\ud835\uddff\ud835\uddf6\ud835\uddf1\ud835\uddee\ud835\uddf1\ud835\uddf2\ud835\ude00 \ud835\uddfa\ud835\ude02\ud835\uddfb\ud835\uddf6\ud835\uddf0\ud835\uddf6\ud835\uddfd\ud835\uddee\ud835\uddf9\ud835\uddf2\ud835\ude00 \ud835\uddf1\ud835\uddf6\ud835\uddf3\ud835\ude02\ud835\uddfb\ud835\uddf1\ud835\uddf2\ud835\uddfb \u201c\ud835\uddd7\ud835\uddf2\ud835\uddff\ud835\uddf2\ud835\uddf0\ud835\uddf5\ud835\uddfc\ud835\ude00 \ud835\uddf1\ud835\uddf2 \ud835\uddf9\ud835\uddee \ud835\udde0\ud835\ude02\ud835\uddf7\ud835\uddf2\ud835\uddff"},"content":{"rendered":"\n<p>La caravana denominada \u201cMujeres Libres y Empoderadas\u201d recorri\u00f3 las principales calles de la ciudad, llevando el mensaje de igualdad y respeto a los derechos de las mujeres y sus logros alcanzados desde los diferentes espacios en los que se desenvuelven.<\/p>\n\n\n\n<p>En un ambiente de alegr\u00eda y compromiso, el alcalde Gabriel Z\u00fa\u00f1iga junto a su esposa, los Concejales municipales, el <a><\/a>Consejo y la Junta para la Protecci\u00f3n de Derechos, la Reina cantonal y los integrantes de los Consejos Consultivos, compartieron junto a la ciudadan\u00eda esta actividad que fue parte de la agenda de actividades organizadas para conmemorar el \u201cD\u00eda internacional de la mujer\u201d en nuestro cant\u00f3n.<\/p>\n","protected":false},"excerpt":{"rendered":"<p>La caravana denominada \u201cMujeres Libres y Empoderadas\u201d recorri\u00f3 las principales&hellip; <\/p>\n","protected":false},"author":1,"featured_media":3137,"comment_status":"closed","ping_status":"closed","sticky":false,"template":"","format":"standard","meta":{"footnotes":""},"categories":[9],"tags":[],"class_list":["post-3136","post","type-post","status-publish","format-standard","has-post-thumbnail","hentry","category-slider"],"_links":{"self":[{"href":"https:\/\/pelileo.gob.ec\/v3\/wp-json\/wp\/v2\/posts\/3136","targetHints":{"allow":["GET"]}}],"collection":[{"href":"https:\/\/pelileo.gob.ec\/v3\/wp-json\/wp\/v2\/posts"}],"about":[{"href":"https:\/\/pelileo.gob.ec\/v3\/wp-json\/wp\/v2\/types\/post"}],"author":[{"embeddable":true,"href":"https:\/\/pelileo.gob.ec\/v3\/wp-json\/wp\/v2\/users\/1"}],"replies":[{"embeddable":true,"href":"https:\/\/pelileo.gob.ec\/v3\/wp-json\/wp\/v2\/comments?post=3136"}],"version-history":[{"count":1,"href":"https:\/\/pelileo.gob.ec\/v3\/wp-json\/wp\/v2\/posts\/3136\/revisions"}],"predecessor-version":[{"id":3138,"href":"https:\/\/pelileo.gob.ec\/v3\/wp-json\/wp\/v2\/posts\/3136\/revisions\/3138"}],"wp:featuredmedia":[{"embeddable":true,"href":"https:\/\/pelileo.gob.ec\/v3\/wp-json\/wp\/v2\/media\/3137"}],"wp:attachment":[{"href":"https:\/\/pelileo.gob.ec\/v3\/wp-json\/wp\/v2\/media?parent=3136"}],"wp:term":[{"taxonomy":"category","embeddable":true,"href":"https:\/\/pelileo.gob.ec\/v3\/wp-json\/wp\/v2\/categories?post=3136"},{"taxonomy":"post_tag","embeddable":true,"href":"https:\/\/pelileo.gob.ec\/v3\/wp-json\/wp\/v2\/tags?post=3136"}],"curies":[{"name":"wp","href":"https:\/\/api.w.org\/{rel}","templated":true}]}}