{"id":3142,"date":"2024-03-11T15:32:44","date_gmt":"2024-03-11T20:32:44","guid":{"rendered":"https:\/\/pelileo.gob.ec\/portal\/?p=3142"},"modified":"2024-03-11T15:32:44","modified_gmt":"2024-03-11T20:32:44","slug":"%f0%9d%97%96%f0%9d%97%ae%f0%9d%97%ba%f0%9d%97%bd%f0%9d%97%aen%f0%9d%97%ae-%f0%9d%97%b1%f0%9d%97%b2-%f0%9d%98%80%f0%9d%97%ae%f0%9d%97%b9%f0%9d%98%82%f0%9d%97%b1-%f0%9d%98%83%f0%9d%97%b6%f0%9d%98%80","status":"publish","type":"post","link":"https:\/\/pelileo.gob.ec\/v3\/%f0%9d%97%96%f0%9d%97%ae%f0%9d%97%ba%f0%9d%97%bd%f0%9d%97%aen%f0%9d%97%ae-%f0%9d%97%b1%f0%9d%97%b2-%f0%9d%98%80%f0%9d%97%ae%f0%9d%97%b9%f0%9d%98%82%f0%9d%97%b1-%f0%9d%98%83%f0%9d%97%b6%f0%9d%98%80\/","title":{"rendered":"\ud835\uddd6\ud835\uddee\ud835\uddfa\ud835\uddfd\ud835\uddee\u00f1\ud835\uddee \ud835\uddf1\ud835\uddf2 \ud835\ude00\ud835\uddee\ud835\uddf9\ud835\ude02\ud835\uddf1 \ud835\ude03\ud835\uddf6\ud835\ude00\ud835\ude02\ud835\uddee\ud835\uddf9 \ud835\uddf4\ud835\uddff\ud835\uddee\ud835\ude01\ud835\ude02\ud835\uddf6\ud835\ude01\ud835\uddee \ud835\uddf2\ud835\uddfb \ud835\udde3\ud835\uddf2\ud835\uddf9\ud835\uddf6\ud835\uddf9\ud835\uddf2\ud835\uddfc"},"content":{"rendered":"\n<p>Acciones conjuntas entre la Unidad de Trabajo Social del GAD municipal de <a href=\"https:\/\/www.facebook.com\/hashtag\/pelileo?__eep__=6&amp;__cft__[0]=AZVRszM1plca8Kmbq5rgob67h-MXvWgUPLKY1TSWuJA2uaQ1YMfd8kfu6ZzoSWOVXnWtLS7pXHiR0JwxZ8pv6jASwY6h-PMj8NfHxQNfWZckbZRQBz8PvZ0m_A0rHlKJ9ygUhB1fNhAU6h-kwK9fboOIxe3MDefYRDT9QutY2A0RpKqUnxe9jZIg2wploW-CtWk&amp;__tn__=*NK-R\">#Pelileo<\/a> y la \u00d3ptica Centro de Salud Visual, permiti\u00f3 que varios ciudadanos Pelile\u00f1os, recibieran ex\u00e1menes visuales gratuitos y ademas el 70 % de descuento en la confecci\u00f3n de sus lentes.<\/p>\n\n\n\n<p>\u201cEsta es una gran ayuda para las personas que no tenemos recursos para hacer atender a nuestros hijos\u201d, mencion\u00f3 Gloria Andaluz <a><\/a>mientras recib\u00edan atenci\u00f3n sus dos ni\u00f1as; por ello, agradeci\u00f3 a la municipalidad que se preocupa de la salud de la poblaci\u00f3n.<\/p>\n","protected":false},"excerpt":{"rendered":"<p>Acciones conjuntas entre la Unidad de Trabajo Social del GAD&hellip; <\/p>\n","protected":false},"author":1,"featured_media":3143,"comment_status":"closed","ping_status":"closed","sticky":false,"template":"","format":"standard","meta":{"footnotes":""},"categories":[9],"tags":[34,33],"class_list":["post-3142","post","type-post","status-publish","format-standard","has-post-thumbnail","hentry","category-slider","tag-salud","tag-33"],"_links":{"self":[{"href":"https:\/\/pelileo.gob.ec\/v3\/wp-json\/wp\/v2\/posts\/3142","targetHints":{"allow":["GET"]}}],"collection":[{"href":"https:\/\/pelileo.gob.ec\/v3\/wp-json\/wp\/v2\/posts"}],"about":[{"href":"https:\/\/pelileo.gob.ec\/v3\/wp-json\/wp\/v2\/types\/post"}],"author":[{"embeddable":true,"href":"https:\/\/pelileo.gob.ec\/v3\/wp-json\/wp\/v2\/users\/1"}],"replies":[{"embeddable":true,"href":"https:\/\/pelileo.gob.ec\/v3\/wp-json\/wp\/v2\/comments?post=3142"}],"version-history":[{"count":1,"href":"https:\/\/pelileo.gob.ec\/v3\/wp-json\/wp\/v2\/posts\/3142\/revisions"}],"predecessor-version":[{"id":3144,"href":"https:\/\/pelileo.gob.ec\/v3\/wp-json\/wp\/v2\/posts\/3142\/revisions\/3144"}],"wp:featuredmedia":[{"embeddable":true,"href":"https:\/\/pelileo.gob.ec\/v3\/wp-json\/wp\/v2\/media\/3143"}],"wp:attachment":[{"href":"https:\/\/pelileo.gob.ec\/v3\/wp-json\/wp\/v2\/media?parent=3142"}],"wp:term":[{"taxonomy":"category","embeddable":true,"href":"https:\/\/pelileo.gob.ec\/v3\/wp-json\/wp\/v2\/categories?post=3142"},{"taxonomy":"post_tag","embeddable":true,"href":"https:\/\/pelileo.gob.ec\/v3\/wp-json\/wp\/v2\/tags?post=3142"}],"curies":[{"name":"wp","href":"https:\/\/api.w.org\/{rel}","templated":true}]}}