{"id":3149,"date":"2024-03-18T09:22:18","date_gmt":"2024-03-18T14:22:18","guid":{"rendered":"https:\/\/pelileo.gob.ec\/portal\/?p=3149"},"modified":"2024-03-18T09:22:18","modified_gmt":"2024-03-18T14:22:18","slug":"19-%f0%9d%97%aen%f0%9d%97%bc%f0%9d%98%80-%f0%9d%97%b1%f0%9d%97%b2-%f0%9d%98%81%f0%9d%97%bf%f0%9d%97%ae%f0%9d%97%af%f0%9d%97%ae%f0%9d%97%b7%f0%9d%97%bc-%f0%9d%97%ae%f0%9d%97%af%f0%9d%97%bb%f0%9d%97%b2","status":"publish","type":"post","link":"https:\/\/pelileo.gob.ec\/v3\/19-%f0%9d%97%aen%f0%9d%97%bc%f0%9d%98%80-%f0%9d%97%b1%f0%9d%97%b2-%f0%9d%98%81%f0%9d%97%bf%f0%9d%97%ae%f0%9d%97%af%f0%9d%97%ae%f0%9d%97%b7%f0%9d%97%bc-%f0%9d%97%ae%f0%9d%97%af%f0%9d%97%bb%f0%9d%97%b2\/","title":{"rendered":"19 \ud835\uddee\u00f1\ud835\uddfc\ud835\ude00 \ud835\uddf1\ud835\uddf2 \ud835\ude01\ud835\uddff\ud835\uddee\ud835\uddef\ud835\uddee\ud835\uddf7\ud835\uddfc \ud835\uddee\ud835\uddef\ud835\uddfb\ud835\uddf2\ud835\uddf4\ud835\uddee\ud835\uddf1\ud835\uddfc \ud835\ude06 \ud835\uddf3\ud835\uddf2\ud835\uddf0\ud835\ude02\ud835\uddfb\ud835\uddf1\ud835\uddfc"},"content":{"rendered":"\n<p>Momentos de alegr\u00eda y emotividad se vivieron en la Fundaci\u00f3n San Jos\u00e9 de <a href=\"https:\/\/www.facebook.com\/hashtag\/huambal%C3%B3?__eep__=6&amp;__cft__[0]=AZXjLG9AdTD5wYBUg9yuL5s_mqur8wuhsX-P-kBrttBZjBWi4oU8he5fvC0aYSe-G8EGzlrXLKiTiOnRzDWDwgn2wYH3nM0vMPBJ1Et9oSqc4-PAWDhMbzVELM1y4hPsxt_pVW16UZa4JDVU9X-4fdPaGRU7GZNj6JBCrpbbqxT9UExa6FnJ687jbpur7SFc9GE&amp;__tn__=*NK-R\">#Huambal\u00f3<\/a>, con motivo de celebrar 19 a\u00f1os de vida institucional al servicio de los sectores de atenci\u00f3n Prioritaria. Los fundadores de esta instituci\u00f3n y personas fil\u00e1ntropas que brindan apoyo al trabajo, recibieron un merecido reconocimiento durante la Sesi\u00f3n Solemne.<\/p>\n\n\n\n<p>El alcalde Gabriel Z\u00fa\u00f1iga destac\u00f3 la incansable labor de directivos y <a><\/a>t\u00e9cnicos de la Fundaci\u00f3n para brindar atenci\u00f3n de calidad con calidez a quienes realmente lo necesitan; posteriormente junto a las autoridades e invitados especiales, inaugur\u00f3 los nuevos equipos para el \u00e1rea de Fisioterapia que fortalecer\u00e1n la atenci\u00f3n a los usuarios.<\/p>\n","protected":false},"excerpt":{"rendered":"<p>Momentos de alegr\u00eda y emotividad se vivieron en la Fundaci\u00f3n&hellip; <\/p>\n","protected":false},"author":1,"featured_media":3150,"comment_status":"closed","ping_status":"closed","sticky":false,"template":"","format":"standard","meta":{"footnotes":""},"categories":[9],"tags":[],"class_list":["post-3149","post","type-post","status-publish","format-standard","has-post-thumbnail","hentry","category-slider"],"_links":{"self":[{"href":"https:\/\/pelileo.gob.ec\/v3\/wp-json\/wp\/v2\/posts\/3149","targetHints":{"allow":["GET"]}}],"collection":[{"href":"https:\/\/pelileo.gob.ec\/v3\/wp-json\/wp\/v2\/posts"}],"about":[{"href":"https:\/\/pelileo.gob.ec\/v3\/wp-json\/wp\/v2\/types\/post"}],"author":[{"embeddable":true,"href":"https:\/\/pelileo.gob.ec\/v3\/wp-json\/wp\/v2\/users\/1"}],"replies":[{"embeddable":true,"href":"https:\/\/pelileo.gob.ec\/v3\/wp-json\/wp\/v2\/comments?post=3149"}],"version-history":[{"count":1,"href":"https:\/\/pelileo.gob.ec\/v3\/wp-json\/wp\/v2\/posts\/3149\/revisions"}],"predecessor-version":[{"id":3151,"href":"https:\/\/pelileo.gob.ec\/v3\/wp-json\/wp\/v2\/posts\/3149\/revisions\/3151"}],"wp:featuredmedia":[{"embeddable":true,"href":"https:\/\/pelileo.gob.ec\/v3\/wp-json\/wp\/v2\/media\/3150"}],"wp:attachment":[{"href":"https:\/\/pelileo.gob.ec\/v3\/wp-json\/wp\/v2\/media?parent=3149"}],"wp:term":[{"taxonomy":"category","embeddable":true,"href":"https:\/\/pelileo.gob.ec\/v3\/wp-json\/wp\/v2\/categories?post=3149"},{"taxonomy":"post_tag","embeddable":true,"href":"https:\/\/pelileo.gob.ec\/v3\/wp-json\/wp\/v2\/tags?post=3149"}],"curies":[{"name":"wp","href":"https:\/\/api.w.org\/{rel}","templated":true}]}}