{"id":3152,"date":"2024-03-18T09:26:01","date_gmt":"2024-03-18T14:26:01","guid":{"rendered":"https:\/\/pelileo.gob.ec\/portal\/?p=3152"},"modified":"2024-03-18T09:26:01","modified_gmt":"2024-03-18T14:26:01","slug":"pelileo-unido-y-solidario","status":"publish","type":"post","link":"https:\/\/pelileo.gob.ec\/v3\/pelileo-unido-y-solidario\/","title":{"rendered":"Pelileo unido y solidario"},"content":{"rendered":"\n<p>La solidaridad de los habitantes de <a href=\"https:\/\/www.facebook.com\/hashtag\/pelileo?__eep__=6&amp;__cft__[0]=AZVMLYLmj7C1AFf2a7h0NbTpy06Ku9_Mfz7dB4a_CdcNeaQCB5Ge5wzyoQS21z9jdLCLCuTzzfhxPTw3zX_LFroRn6EfdEizzoJ23NrMgusGOCYTI0E9aAd7nY18vTcbcQrWvJurOtB0HhXKfffkBtv-TmEiVsHCkzY7mQ_6Kz5ucDh5PZba6u6ZYEYhyCuwh1w&amp;__tn__=*NK-R\">#Pelileo<\/a> una vez m\u00e1s se hizo presente durante la Cruzada solidaria denominada \u201cAy\u00fadame a ayudar\u201d, en favor de tres pelile\u00f1os que atraviesan momentos dif\u00edciles en su vida, por ello, el alcalde Gabriel Z\u00fa\u00f1iga, Concejales municipales y dem\u00e1s autoridades del cant\u00f3n se unieron a la iniciativa de Mar\u00eda Medina para brindar los recursos que necesitan nuestros vecinos.<\/p>\n\n\n\n<p>Esta actividad cont\u00f3 adem\u00e1s con el <a><\/a>apadrinamiento de Iv\u00e1n Hurtado, el recordado capit\u00e1n de la selecci\u00f3n de f\u00fatbol que clasific\u00f3 por primera vez a un mundial de futbol, quien coron\u00f3 como reina de la solidaridad a la soberana del barrio Central de <a href=\"https:\/\/www.facebook.com\/hashtag\/huambal%C3%B3?__eep__=6&amp;__cft__[0]=AZVMLYLmj7C1AFf2a7h0NbTpy06Ku9_Mfz7dB4a_CdcNeaQCB5Ge5wzyoQS21z9jdLCLCuTzzfhxPTw3zX_LFroRn6EfdEizzoJ23NrMgusGOCYTI0E9aAd7nY18vTcbcQrWvJurOtB0HhXKfffkBtv-TmEiVsHCkzY7mQ_6Kz5ucDh5PZba6u6ZYEYhyCuwh1w&amp;__tn__=*NK-R\">#Huambal\u00f3<\/a>. La caravana recorri\u00f3 las calles de la ciudad y locales comerciales, recibiendo el apoyo de la ciudadan\u00eda.<\/p>\n","protected":false},"excerpt":{"rendered":"<p>La solidaridad de los habitantes de #Pelileo una vez m\u00e1s&hellip; <\/p>\n","protected":false},"author":1,"featured_media":3153,"comment_status":"closed","ping_status":"closed","sticky":false,"template":"","format":"standard","meta":{"footnotes":""},"categories":[9],"tags":[],"class_list":["post-3152","post","type-post","status-publish","format-standard","has-post-thumbnail","hentry","category-slider"],"_links":{"self":[{"href":"https:\/\/pelileo.gob.ec\/v3\/wp-json\/wp\/v2\/posts\/3152","targetHints":{"allow":["GET"]}}],"collection":[{"href":"https:\/\/pelileo.gob.ec\/v3\/wp-json\/wp\/v2\/posts"}],"about":[{"href":"https:\/\/pelileo.gob.ec\/v3\/wp-json\/wp\/v2\/types\/post"}],"author":[{"embeddable":true,"href":"https:\/\/pelileo.gob.ec\/v3\/wp-json\/wp\/v2\/users\/1"}],"replies":[{"embeddable":true,"href":"https:\/\/pelileo.gob.ec\/v3\/wp-json\/wp\/v2\/comments?post=3152"}],"version-history":[{"count":1,"href":"https:\/\/pelileo.gob.ec\/v3\/wp-json\/wp\/v2\/posts\/3152\/revisions"}],"predecessor-version":[{"id":3154,"href":"https:\/\/pelileo.gob.ec\/v3\/wp-json\/wp\/v2\/posts\/3152\/revisions\/3154"}],"wp:featuredmedia":[{"embeddable":true,"href":"https:\/\/pelileo.gob.ec\/v3\/wp-json\/wp\/v2\/media\/3153"}],"wp:attachment":[{"href":"https:\/\/pelileo.gob.ec\/v3\/wp-json\/wp\/v2\/media?parent=3152"}],"wp:term":[{"taxonomy":"category","embeddable":true,"href":"https:\/\/pelileo.gob.ec\/v3\/wp-json\/wp\/v2\/categories?post=3152"},{"taxonomy":"post_tag","embeddable":true,"href":"https:\/\/pelileo.gob.ec\/v3\/wp-json\/wp\/v2\/tags?post=3152"}],"curies":[{"name":"wp","href":"https:\/\/api.w.org\/{rel}","templated":true}]}}