{"id":3155,"date":"2024-03-18T09:28:55","date_gmt":"2024-03-18T14:28:55","guid":{"rendered":"https:\/\/pelileo.gob.ec\/portal\/?p=3155"},"modified":"2024-03-18T09:28:55","modified_gmt":"2024-03-18T14:28:55","slug":"%f0%9d%97%94%f0%9d%98%82%f0%9d%98%81%f0%9d%97%bc%f0%9d%97%bf%f0%9d%97%b6%f0%9d%97%b1%f0%9d%97%ae%f0%9d%97%b1%f0%9d%97%b2%f0%9d%98%80-%f0%9d%97%ba%f0%9d%98%82%f0%9d%97%bb%f0%9d%97%b6%f0%9d%97%b0-2","status":"publish","type":"post","link":"https:\/\/pelileo.gob.ec\/v3\/%f0%9d%97%94%f0%9d%98%82%f0%9d%98%81%f0%9d%97%bc%f0%9d%97%bf%f0%9d%97%b6%f0%9d%97%b1%f0%9d%97%ae%f0%9d%97%b1%f0%9d%97%b2%f0%9d%98%80-%f0%9d%97%ba%f0%9d%98%82%f0%9d%97%bb%f0%9d%97%b6%f0%9d%97%b0-2\/","title":{"rendered":"\ud835\uddd4\ud835\ude02\ud835\ude01\ud835\uddfc\ud835\uddff\ud835\uddf6\ud835\uddf1\ud835\uddee\ud835\uddf1\ud835\uddf2\ud835\ude00 \ud835\uddfa\ud835\ude02\ud835\uddfb\ud835\uddf6\ud835\uddf0\ud835\uddf6\ud835\uddfd\ud835\uddee\ud835\uddf9\ud835\uddf2\ud835\ude00 \ud835\ude00\ud835\uddfc\ud835\uddf9\ud835\uddf2\ud835\uddfa\ud835\uddfb\ud835\uddf6\ud835\ude07\ud835\uddee\ud835\uddff\ud835\uddfc\ud835\uddfb \ud835\uddf6\ud835\uddfb\ud835\uddee\ud835\ude02\ud835\uddf4\ud835\ude02\ud835\uddff\ud835\uddee\ud835\uddf0\ud835\uddf6\u00f3\ud835\uddfb \ud835\uddf1\ud835\uddf2\ud835\uddfd\ud835\uddfc\ud835\uddff\ud835\ude01\ud835\uddf6\ud835\ude03\ud835\uddee"},"content":{"rendered":"\n<p>El alcalde Gabriel Z\u00fa\u00f1iga junto al Concejal Julio Flores participaron en el evento de inauguraci\u00f3n del campeonato de b\u00e1squet de Liga Deportiva Cantonal de <a href=\"https:\/\/www.facebook.com\/hashtag\/pelileo?__eep__=6&amp;__cft__[0]=AZUFEKaN_9m00XwbwsO2paEp0UFZMmUJYG2-y6FaAjv0CqmCnyVHvmzRR5yxNzE1rj_ZuE1l8FKjJotuOcsPfLbubL7SmcVtIsGonF0x5JPBvLZTX03bkhUNn2SumIl_Oh9XJU4D014GsE1pZvQNGfCwGvSGzFHQnUO-Yt7T9u06gsWe_YnwpfcuWr7uvSzdeg8&amp;__tn__=*NK-R\">#Pelileo<\/a>, que permite fomentar la pr\u00e1ctica deportiva en la ni\u00f1ez y juventud de nuestro cant\u00f3n.<\/p>\n\n\n\n<p>La Banda musical de la municipalidad acompa\u00f1\u00f3 a las delegaciones participantes a lo largo del recorrido del <a><\/a>desfile inaugural, alegrando el ambiente previo a la inauguraci\u00f3n de esta justa deportiva.<\/p>\n","protected":false},"excerpt":{"rendered":"<p>El alcalde Gabriel Z\u00fa\u00f1iga junto al Concejal Julio Flores participaron&hellip; <\/p>\n","protected":false},"author":1,"featured_media":3156,"comment_status":"closed","ping_status":"closed","sticky":false,"template":"","format":"standard","meta":{"footnotes":""},"categories":[9],"tags":[],"class_list":["post-3155","post","type-post","status-publish","format-standard","has-post-thumbnail","hentry","category-slider"],"_links":{"self":[{"href":"https:\/\/pelileo.gob.ec\/v3\/wp-json\/wp\/v2\/posts\/3155","targetHints":{"allow":["GET"]}}],"collection":[{"href":"https:\/\/pelileo.gob.ec\/v3\/wp-json\/wp\/v2\/posts"}],"about":[{"href":"https:\/\/pelileo.gob.ec\/v3\/wp-json\/wp\/v2\/types\/post"}],"author":[{"embeddable":true,"href":"https:\/\/pelileo.gob.ec\/v3\/wp-json\/wp\/v2\/users\/1"}],"replies":[{"embeddable":true,"href":"https:\/\/pelileo.gob.ec\/v3\/wp-json\/wp\/v2\/comments?post=3155"}],"version-history":[{"count":1,"href":"https:\/\/pelileo.gob.ec\/v3\/wp-json\/wp\/v2\/posts\/3155\/revisions"}],"predecessor-version":[{"id":3157,"href":"https:\/\/pelileo.gob.ec\/v3\/wp-json\/wp\/v2\/posts\/3155\/revisions\/3157"}],"wp:featuredmedia":[{"embeddable":true,"href":"https:\/\/pelileo.gob.ec\/v3\/wp-json\/wp\/v2\/media\/3156"}],"wp:attachment":[{"href":"https:\/\/pelileo.gob.ec\/v3\/wp-json\/wp\/v2\/media?parent=3155"}],"wp:term":[{"taxonomy":"category","embeddable":true,"href":"https:\/\/pelileo.gob.ec\/v3\/wp-json\/wp\/v2\/categories?post=3155"},{"taxonomy":"post_tag","embeddable":true,"href":"https:\/\/pelileo.gob.ec\/v3\/wp-json\/wp\/v2\/tags?post=3155"}],"curies":[{"name":"wp","href":"https:\/\/api.w.org\/{rel}","templated":true}]}}