{"id":3184,"date":"2024-04-10T16:54:26","date_gmt":"2024-04-10T21:54:26","guid":{"rendered":"https:\/\/pelileo.gob.ec\/portal\/?p=3184"},"modified":"2024-04-10T16:54:26","modified_gmt":"2024-04-10T21:54:26","slug":"%f0%9d%97%9f%f0%9d%97%bc%f0%9d%98%80-%f0%9d%97%ba%f0%9d%97%ae%f0%9d%97%bf%f0%9d%98%81%f0%9d%97%b2%f0%9d%98%80-%f0%9d%98%86-%f0%9d%98%80a%f0%9d%97%af%f0%9d%97%ae%f0%9d%97%b1%f0%9d%97%bc%f0%9d%98%80","status":"publish","type":"post","link":"https:\/\/pelileo.gob.ec\/v3\/%f0%9d%97%9f%f0%9d%97%bc%f0%9d%98%80-%f0%9d%97%ba%f0%9d%97%ae%f0%9d%97%bf%f0%9d%98%81%f0%9d%97%b2%f0%9d%98%80-%f0%9d%98%86-%f0%9d%98%80a%f0%9d%97%af%f0%9d%97%ae%f0%9d%97%b1%f0%9d%97%bc%f0%9d%98%80\/","title":{"rendered":"\ud835\udddf\ud835\uddfc\ud835\ude00 \ud835\uddfa\ud835\uddee\ud835\uddff\ud835\ude01\ud835\uddf2\ud835\ude00 \ud835\ude06 \ud835\ude00\u00e1\ud835\uddef\ud835\uddee\ud835\uddf1\ud835\uddfc\ud835\ude00 \ud835\uddf9\ud835\uddee\ud835\ude00 \ud835\uddf3\ud835\uddf2\ud835\uddff\ud835\uddf6\ud835\uddee\ud835\ude00 \ud835\uddf2\ud835\uddfb \ud835\uddf9\ud835\uddee \ud835\udde3\ud835\uddf9\ud835\uddee\ud835\ude07\ud835\uddee \ud835\udde6\ud835\uddee\ud835\uddfb\ud835\ude01\ud835\uddee \ud835\udde5\ud835\uddfc\ud835\ude00\ud835\uddee"},"content":{"rendered":"\n<p>Desde la Direcci\u00f3n de Servicios P\u00fablicos y Desarrollo de la Comunidad continuamos reactivando las ferias en nuestras tradicionales plazas de comercializaci\u00f3n, por ello, mediante reuni\u00f3n de trabajo con los comerciantes de la Plaza Santa Rosa acordamos incrementar un d\u00eda m\u00e1s de feria en este lugar, es decir, tambi\u00e9n los d\u00edas martes nuestros comerciantes les esperan con una <a><\/a>variedad de productos para su hogar.<\/p>\n\n\n\n<p>La plaza Santa Rosa se encuentra ubicada diagonal a la Unidad Educativa Domingo Faustino Sarmiento, donde podemos encontrar ropa nueva o usada, art\u00edculos de hojalater\u00eda, artefactos de metalmec\u00e1nica como puertas, ventanas, pasamanos; as\u00ed tambi\u00e9n muebles de madera. La atenci\u00f3n los d\u00edas martes y s\u00e1bados desde las 06h00.<\/p>\n","protected":false},"excerpt":{"rendered":"<p>Desde la Direcci\u00f3n de Servicios P\u00fablicos y Desarrollo de la&hellip; <\/p>\n","protected":false},"author":1,"featured_media":3185,"comment_status":"closed","ping_status":"closed","sticky":false,"template":"","format":"standard","meta":{"footnotes":""},"categories":[9],"tags":[],"class_list":["post-3184","post","type-post","status-publish","format-standard","has-post-thumbnail","hentry","category-slider"],"_links":{"self":[{"href":"https:\/\/pelileo.gob.ec\/v3\/wp-json\/wp\/v2\/posts\/3184","targetHints":{"allow":["GET"]}}],"collection":[{"href":"https:\/\/pelileo.gob.ec\/v3\/wp-json\/wp\/v2\/posts"}],"about":[{"href":"https:\/\/pelileo.gob.ec\/v3\/wp-json\/wp\/v2\/types\/post"}],"author":[{"embeddable":true,"href":"https:\/\/pelileo.gob.ec\/v3\/wp-json\/wp\/v2\/users\/1"}],"replies":[{"embeddable":true,"href":"https:\/\/pelileo.gob.ec\/v3\/wp-json\/wp\/v2\/comments?post=3184"}],"version-history":[{"count":1,"href":"https:\/\/pelileo.gob.ec\/v3\/wp-json\/wp\/v2\/posts\/3184\/revisions"}],"predecessor-version":[{"id":3186,"href":"https:\/\/pelileo.gob.ec\/v3\/wp-json\/wp\/v2\/posts\/3184\/revisions\/3186"}],"wp:featuredmedia":[{"embeddable":true,"href":"https:\/\/pelileo.gob.ec\/v3\/wp-json\/wp\/v2\/media\/3185"}],"wp:attachment":[{"href":"https:\/\/pelileo.gob.ec\/v3\/wp-json\/wp\/v2\/media?parent=3184"}],"wp:term":[{"taxonomy":"category","embeddable":true,"href":"https:\/\/pelileo.gob.ec\/v3\/wp-json\/wp\/v2\/categories?post=3184"},{"taxonomy":"post_tag","embeddable":true,"href":"https:\/\/pelileo.gob.ec\/v3\/wp-json\/wp\/v2\/tags?post=3184"}],"curies":[{"name":"wp","href":"https:\/\/api.w.org\/{rel}","templated":true}]}}