{"id":3187,"date":"2024-04-10T16:57:21","date_gmt":"2024-04-10T21:57:21","guid":{"rendered":"https:\/\/pelileo.gob.ec\/portal\/?p=3187"},"modified":"2024-04-10T16:57:21","modified_gmt":"2024-04-10T21:57:21","slug":"%f0%9d%97%94%f0%9d%97%b0%f0%9d%97%b0%f0%9d%97%b6o%f0%9d%97%bb-%f0%9d%97%b0%f0%9d%97%bc%f0%9d%97%bb%f0%9d%97%b7%f0%9d%98%82%f0%9d%97%bb%f0%9d%98%81%f0%9d%97%ae-%f0%9d%97%bd%f0%9d%97%ae%f0%9d%97%bf","status":"publish","type":"post","link":"https:\/\/pelileo.gob.ec\/v3\/%f0%9d%97%94%f0%9d%97%b0%f0%9d%97%b0%f0%9d%97%b6o%f0%9d%97%bb-%f0%9d%97%b0%f0%9d%97%bc%f0%9d%97%bb%f0%9d%97%b7%f0%9d%98%82%f0%9d%97%bb%f0%9d%98%81%f0%9d%97%ae-%f0%9d%97%bd%f0%9d%97%ae%f0%9d%97%bf\/","title":{"rendered":"\ud835\uddd4\ud835\uddf0\ud835\uddf0\ud835\uddf6\u00f3\ud835\uddfb \ud835\uddf0\ud835\uddfc\ud835\uddfb\ud835\uddf7\ud835\ude02\ud835\uddfb\ud835\ude01\ud835\uddee \ud835\uddfd\ud835\uddee\ud835\uddff\ud835\uddee \ud835\uddf0\ud835\ude02\ud835\uddf6\ud835\uddf1\ud835\uddee\ud835\uddff \ud835\uddf2\ud835\uddf9 \ud835\uddee\ud835\uddf4\ud835\ude02\ud835\uddee"},"content":{"rendered":"\n<p>T\u00e9cnicos y trabajadores de la Direcci\u00f3n de Agua Potable y Saneamiento del GAD municipal de <a href=\"https:\/\/www.facebook.com\/hashtag\/pelileo?__eep__=6&amp;__cft__[0]=AZXslPd2OE-KmlGZfaQH-0damuVL0-I_Ik2zIugKXEn2RkDBIRGU2cUko4ZQ0zAG6PlYJKmuZUq8Fy6JDYrZXzqEU2DqgvMAvUoRoYdsHoPW9k_O--HeewYWqFAWu0UaF8y0UnHWrcj0rlYDJyMy4nLXIxiNkprRWZ-ZjrnNNS8-Ba0UO82ftNTk21jPHfUX02w&amp;__tn__=*NK-R\">#Pelileo<\/a>, realizan trabajos de limpieza del sistema que abastece el servicio de agua potable a la parroquia Pelileo Grande, a fin de recuperar el caudal adecuado para evitar su desabastecimiento.<\/p>\n\n\n\n<p>Directivos y moradores de la parroquia mostraron su complacencia con las acciones tomadas por la municipalidad, ya que <a><\/a>ratifican la preocupaci\u00f3n y el compromiso de las autoridades para trabajar junto a la ciudadan\u00eda para mejorar las condiciones de vida de los habitantes de esta importante parroquia de nuestro cant\u00f3n.<\/p>\n","protected":false},"excerpt":{"rendered":"<p>T\u00e9cnicos y trabajadores de la Direcci\u00f3n de Agua Potable y&hellip; <\/p>\n","protected":false},"author":1,"featured_media":3188,"comment_status":"closed","ping_status":"closed","sticky":false,"template":"","format":"standard","meta":{"footnotes":""},"categories":[9],"tags":[],"class_list":["post-3187","post","type-post","status-publish","format-standard","has-post-thumbnail","hentry","category-slider"],"_links":{"self":[{"href":"https:\/\/pelileo.gob.ec\/v3\/wp-json\/wp\/v2\/posts\/3187","targetHints":{"allow":["GET"]}}],"collection":[{"href":"https:\/\/pelileo.gob.ec\/v3\/wp-json\/wp\/v2\/posts"}],"about":[{"href":"https:\/\/pelileo.gob.ec\/v3\/wp-json\/wp\/v2\/types\/post"}],"author":[{"embeddable":true,"href":"https:\/\/pelileo.gob.ec\/v3\/wp-json\/wp\/v2\/users\/1"}],"replies":[{"embeddable":true,"href":"https:\/\/pelileo.gob.ec\/v3\/wp-json\/wp\/v2\/comments?post=3187"}],"version-history":[{"count":1,"href":"https:\/\/pelileo.gob.ec\/v3\/wp-json\/wp\/v2\/posts\/3187\/revisions"}],"predecessor-version":[{"id":3189,"href":"https:\/\/pelileo.gob.ec\/v3\/wp-json\/wp\/v2\/posts\/3187\/revisions\/3189"}],"wp:featuredmedia":[{"embeddable":true,"href":"https:\/\/pelileo.gob.ec\/v3\/wp-json\/wp\/v2\/media\/3188"}],"wp:attachment":[{"href":"https:\/\/pelileo.gob.ec\/v3\/wp-json\/wp\/v2\/media?parent=3187"}],"wp:term":[{"taxonomy":"category","embeddable":true,"href":"https:\/\/pelileo.gob.ec\/v3\/wp-json\/wp\/v2\/categories?post=3187"},{"taxonomy":"post_tag","embeddable":true,"href":"https:\/\/pelileo.gob.ec\/v3\/wp-json\/wp\/v2\/tags?post=3187"}],"curies":[{"name":"wp","href":"https:\/\/api.w.org\/{rel}","templated":true}]}}