{"id":3190,"date":"2024-04-10T16:58:59","date_gmt":"2024-04-10T21:58:59","guid":{"rendered":"https:\/\/pelileo.gob.ec\/portal\/?p=3190"},"modified":"2024-04-10T16:58:59","modified_gmt":"2024-04-10T21:58:59","slug":"%f0%9d%97%9f%f0%9d%97%b6%f0%9d%97%b1%f0%9d%97%b2%f0%9d%97%bf%f0%9d%97%ae%f0%9d%97%bb%f0%9d%97%b1%f0%9d%97%bc-%f0%9d%97%b0%f0%9d%97%ae%f0%9d%97%ba%f0%9d%97%af%f0%9d%97%b6%f0%9d%97%bc%f0%9d%98%80","status":"publish","type":"post","link":"https:\/\/pelileo.gob.ec\/v3\/%f0%9d%97%9f%f0%9d%97%b6%f0%9d%97%b1%f0%9d%97%b2%f0%9d%97%bf%f0%9d%97%ae%f0%9d%97%bb%f0%9d%97%b1%f0%9d%97%bc-%f0%9d%97%b0%f0%9d%97%ae%f0%9d%97%ba%f0%9d%97%af%f0%9d%97%b6%f0%9d%97%bc%f0%9d%98%80\/","title":{"rendered":"\ud835\udddf\ud835\uddf6\ud835\uddf1\ud835\uddf2\ud835\uddff\ud835\uddee\ud835\uddfb\ud835\uddf1\ud835\uddfc \ud835\uddf0\ud835\uddee\ud835\uddfa\ud835\uddef\ud835\uddf6\ud835\uddfc\ud835\ude00 \ud835\uddfe\ud835\ude02\ud835\uddf2 \ud835\uddfa\ud835\uddf2\ud835\uddf7\ud835\uddfc\ud835\uddff\ud835\uddee\ud835\uddfb \ud835\uddf9\ud835\uddee \ud835\ude03\ud835\uddf6\ud835\uddf1\ud835\uddee \ud835\uddf0\ud835\uddfc\ud835\ude01\ud835\uddf6\ud835\uddf1\ud835\uddf6\ud835\uddee\ud835\uddfb\ud835\uddee \ud835\uddf1\ud835\uddf2 \ud835\uddfb\ud835\ude02\ud835\uddf2\ud835\ude00\ud835\ude01\ud835\uddff\ud835\uddee \ud835\uddf4\ud835\uddf2\ud835\uddfb\ud835\ude01\ud835\uddf2"},"content":{"rendered":"\n<p>El patio de comidas de la plaza 10 de agosto tiene nueva imagen con la ubicaci\u00f3n de un nuevo mobiliario, que brinda todas las comodidades y bienestar a pelile\u00f1os y visitantes que deleitan su paladar con las delicias gastron\u00f3micas que ofrecen nuestras emprendedoras.<\/p>\n\n\n\n<p>Con el firme compromiso de seguir trabajando junto al pueblo para embellecer los espacios <a><\/a>p\u00fablicos de <a href=\"https:\/\/www.facebook.com\/hashtag\/pelileo?__eep__=6&amp;__cft__[0]=AZVrfweAc-kM1io5SPzJOZDCgJi8cKcPCWJ8Kzter4PkCFe_qSqY_U6YjFpPz2qFkZf6hdjodkltxXrgsspGESsu22CWjE-yCuLWym0yCIiY4HTjgIRQiqem0liIDNf-3AKlXlAT6s-bTI8xKgNQQniAgpuoIcDmu5RPrLdUjzg12l622mQgpmb-zKY0NKlhx9A&amp;__tn__=*NK-R\">#Pelileo<\/a>, el alcalde Gabriel Z\u00fa\u00f1iga entreg\u00f3 oficialmente los trabajos de intervenci\u00f3n en el patio de comidas que, a m\u00e1s de la ubicaci\u00f3n de mesas de granito y tabl\u00f3n, tambi\u00e9n comprende la dotaci\u00f3n de acometidas de agua potable y el servicio de internet.<\/p>\n","protected":false},"excerpt":{"rendered":"<p>El patio de comidas de la plaza 10 de agosto&hellip; <\/p>\n","protected":false},"author":1,"featured_media":3191,"comment_status":"closed","ping_status":"closed","sticky":false,"template":"","format":"standard","meta":{"footnotes":""},"categories":[9],"tags":[],"class_list":["post-3190","post","type-post","status-publish","format-standard","has-post-thumbnail","hentry","category-slider"],"_links":{"self":[{"href":"https:\/\/pelileo.gob.ec\/v3\/wp-json\/wp\/v2\/posts\/3190","targetHints":{"allow":["GET"]}}],"collection":[{"href":"https:\/\/pelileo.gob.ec\/v3\/wp-json\/wp\/v2\/posts"}],"about":[{"href":"https:\/\/pelileo.gob.ec\/v3\/wp-json\/wp\/v2\/types\/post"}],"author":[{"embeddable":true,"href":"https:\/\/pelileo.gob.ec\/v3\/wp-json\/wp\/v2\/users\/1"}],"replies":[{"embeddable":true,"href":"https:\/\/pelileo.gob.ec\/v3\/wp-json\/wp\/v2\/comments?post=3190"}],"version-history":[{"count":1,"href":"https:\/\/pelileo.gob.ec\/v3\/wp-json\/wp\/v2\/posts\/3190\/revisions"}],"predecessor-version":[{"id":3192,"href":"https:\/\/pelileo.gob.ec\/v3\/wp-json\/wp\/v2\/posts\/3190\/revisions\/3192"}],"wp:featuredmedia":[{"embeddable":true,"href":"https:\/\/pelileo.gob.ec\/v3\/wp-json\/wp\/v2\/media\/3191"}],"wp:attachment":[{"href":"https:\/\/pelileo.gob.ec\/v3\/wp-json\/wp\/v2\/media?parent=3190"}],"wp:term":[{"taxonomy":"category","embeddable":true,"href":"https:\/\/pelileo.gob.ec\/v3\/wp-json\/wp\/v2\/categories?post=3190"},{"taxonomy":"post_tag","embeddable":true,"href":"https:\/\/pelileo.gob.ec\/v3\/wp-json\/wp\/v2\/tags?post=3190"}],"curies":[{"name":"wp","href":"https:\/\/api.w.org\/{rel}","templated":true}]}}