{"id":3193,"date":"2024-04-10T17:01:00","date_gmt":"2024-04-10T22:01:00","guid":{"rendered":"https:\/\/pelileo.gob.ec\/portal\/?p=3193"},"modified":"2024-04-10T17:01:00","modified_gmt":"2024-04-10T22:01:00","slug":"%f0%9d%97%94%f0%9d%97%bb%f0%9d%97%b4%f0%9d%97%b6%f0%9d%97%b2-%f0%9d%97%a8%f0%9d%97%bf%f0%9d%97%be%f0%9d%98%82%f0%9d%97%b6%f0%9d%98%87%f0%9d%97%bc-%f0%9d%97%b2%f0%9d%98%80-%f0%9d%97%b9%f0%9d%97%ae","status":"publish","type":"post","link":"https:\/\/pelileo.gob.ec\/v3\/%f0%9d%97%94%f0%9d%97%bb%f0%9d%97%b4%f0%9d%97%b6%f0%9d%97%b2-%f0%9d%97%a8%f0%9d%97%bf%f0%9d%97%be%f0%9d%98%82%f0%9d%97%b6%f0%9d%98%87%f0%9d%97%bc-%f0%9d%97%b2%f0%9d%98%80-%f0%9d%97%b9%f0%9d%97%ae\/","title":{"rendered":"\ud835\uddd4\ud835\uddfb\ud835\uddf4\ud835\uddf6\ud835\uddf2 \ud835\udde8\ud835\uddff\ud835\uddfe\ud835\ude02\ud835\uddf6\ud835\ude07\ud835\uddfc \ud835\uddf2\ud835\ude00 \ud835\uddf9\ud835\uddee \ud835\uddff\ud835\uddf2\ud835\uddf6\ud835\uddfb\ud835\uddee \ud835\uddf1\ud835\uddf2 \ud835\uddf9\ud835\uddee \ud835\uddfd\ud835\uddee\ud835\uddff\ud835\uddff\ud835\uddfc\ud835\uddfe\ud835\ude02\ud835\uddf6\ud835\uddee \ud835\uddd6\ud835\uddfc\ud835\ude01\ud835\uddee\ud835\uddf9\u00f3"},"content":{"rendered":"\n<p>En un evento de glamour y donaire, se llev\u00f3 a cabo la exaltaci\u00f3n y coronaci\u00f3n de Angie Urquizo como soberana de la parroquia <a href=\"https:\/\/www.facebook.com\/hashtag\/cotal%C3%B3?__eep__=6&amp;__cft__[0]=AZUE8BQCCYcpv3hCuGHYNtZiCzKLwYV8wEcwp2G2hIcJt9YWqcRwAseR8kCy2ZsPKLbYjaIxK13Mg6kWmZGi5bykviydb4vTTRNp7rDiX0suJs-iyPLUxUXwLtPVb882bwzhFtappT-_wPyydGDciWek6L7ZTk5nZ9NZQB5jl6DW9xbt-JzJA6RH58ypUnMkhxk&amp;__tn__=*NK-R\">#Cotal\u00f3<\/a> al celebrar sus 140 a\u00f1os de vida pol\u00edtica independiente, velada que cont\u00f3 con la presencia del alcalde Gabriel Z\u00fa\u00f1iga y personalidades invitadas a testificar tan imponente acto.<\/p>\n\n\n\n<p>Compartimos con Uds. los momentos m\u00e1s emotivos de este derroche de belleza e <a><\/a>intelectualidad de la mujer del \u201cPueblito del rinc\u00f3n\u201d.<\/p>\n","protected":false},"excerpt":{"rendered":"<p>En un evento de glamour y donaire, se llev\u00f3 a&hellip; <\/p>\n","protected":false},"author":1,"featured_media":3194,"comment_status":"closed","ping_status":"closed","sticky":false,"template":"","format":"standard","meta":{"footnotes":""},"categories":[9],"tags":[],"class_list":["post-3193","post","type-post","status-publish","format-standard","has-post-thumbnail","hentry","category-slider"],"_links":{"self":[{"href":"https:\/\/pelileo.gob.ec\/v3\/wp-json\/wp\/v2\/posts\/3193","targetHints":{"allow":["GET"]}}],"collection":[{"href":"https:\/\/pelileo.gob.ec\/v3\/wp-json\/wp\/v2\/posts"}],"about":[{"href":"https:\/\/pelileo.gob.ec\/v3\/wp-json\/wp\/v2\/types\/post"}],"author":[{"embeddable":true,"href":"https:\/\/pelileo.gob.ec\/v3\/wp-json\/wp\/v2\/users\/1"}],"replies":[{"embeddable":true,"href":"https:\/\/pelileo.gob.ec\/v3\/wp-json\/wp\/v2\/comments?post=3193"}],"version-history":[{"count":1,"href":"https:\/\/pelileo.gob.ec\/v3\/wp-json\/wp\/v2\/posts\/3193\/revisions"}],"predecessor-version":[{"id":3195,"href":"https:\/\/pelileo.gob.ec\/v3\/wp-json\/wp\/v2\/posts\/3193\/revisions\/3195"}],"wp:featuredmedia":[{"embeddable":true,"href":"https:\/\/pelileo.gob.ec\/v3\/wp-json\/wp\/v2\/media\/3194"}],"wp:attachment":[{"href":"https:\/\/pelileo.gob.ec\/v3\/wp-json\/wp\/v2\/media?parent=3193"}],"wp:term":[{"taxonomy":"category","embeddable":true,"href":"https:\/\/pelileo.gob.ec\/v3\/wp-json\/wp\/v2\/categories?post=3193"},{"taxonomy":"post_tag","embeddable":true,"href":"https:\/\/pelileo.gob.ec\/v3\/wp-json\/wp\/v2\/tags?post=3193"}],"curies":[{"name":"wp","href":"https:\/\/api.w.org\/{rel}","templated":true}]}}