{"id":3196,"date":"2024-04-10T17:03:25","date_gmt":"2024-04-10T22:03:25","guid":{"rendered":"https:\/\/pelileo.gob.ec\/portal\/?p=3196"},"modified":"2024-04-10T17:03:25","modified_gmt":"2024-04-10T22:03:25","slug":"%f0%9d%97%a7%f0%9d%97%bf%f0%9d%97%ae%f0%9d%97%af%f0%9d%97%ae%f0%9d%97%b7%f0%9d%97%bc-%f0%9d%97%b0%f0%9d%97%bc%f0%9d%97%bb%f0%9d%97%b7%f0%9d%98%82%f0%9d%97%bb%f0%9d%98%81%f0%9d%97%bc-%f0%9d%97%bd","status":"publish","type":"post","link":"https:\/\/pelileo.gob.ec\/v3\/%f0%9d%97%a7%f0%9d%97%bf%f0%9d%97%ae%f0%9d%97%af%f0%9d%97%ae%f0%9d%97%b7%f0%9d%97%bc-%f0%9d%97%b0%f0%9d%97%bc%f0%9d%97%bb%f0%9d%97%b7%f0%9d%98%82%f0%9d%97%bb%f0%9d%98%81%f0%9d%97%bc-%f0%9d%97%bd\/","title":{"rendered":"\ud835\udde7\ud835\uddff\ud835\uddee\ud835\uddef\ud835\uddee\ud835\uddf7\ud835\uddfc \ud835\uddf0\ud835\uddfc\ud835\uddfb\ud835\uddf7\ud835\ude02\ud835\uddfb\ud835\ude01\ud835\uddfc \ud835\uddfd\ud835\uddee\ud835\uddff\ud835\uddee \ud835\uddfa\ud835\uddf2\ud835\uddf7\ud835\uddfc\ud835\uddff\ud835\uddee\ud835\uddff \ud835\uddf9\ud835\uddee\ud835\ude00 \ud835\uddf0\ud835\uddfc\ud835\uddfb\ud835\uddf1\ud835\uddf6\ud835\uddf0\ud835\uddf6\ud835\uddfc\ud835\uddfb\ud835\uddf2\ud835\ude00 \ud835\uddf1\ud835\uddf2\ud835\uddf9 \ud835\uddee\ud835\uddf4\ud835\ude02\ud835\uddee"},"content":{"rendered":"\n<p>Hoy compartimos el evento de posesi\u00f3n del directorio de la Junta Administradora de Agua Potable de la Regional Nit\u00f3n-Chiquicha-Sucre, la que est\u00e1 conformada por m\u00e1s de 1.500 socios y qued\u00f3 estructurada de la siguiente manera:<\/p>\n\n\n\n<p>\ud835\udde3\ud835\uddff\ud835\uddf2\ud835\ude00\ud835\uddf6\ud835\uddf1\ud835\uddf2\ud835\uddfb\ud835\ude01\ud835\uddf2: Lorenzo Cunalata<\/p>\n\n\n\n<p>\ud835\udde6\ud835\uddf2\ud835\uddf0\ud835\uddff\ud835\uddf2\ud835\ude01\ud835\uddee\ud835\uddff\ud835\uddf6\ud835\uddfc: Manuel Moreta<\/p>\n\n\n\n<p><a><\/a>\ud835\udde7\ud835\uddf2\ud835\ude00\ud835\uddfc\ud835\uddff\ud835\uddf2\ud835\uddff\ud835\uddfc: Ramiro Yanza<\/p>\n\n\n\n<p>\ud835\udde9\ud835\uddfc\ud835\uddf0\ud835\uddee\ud835\uddf9 1: Miguel Chuncho<\/p>\n\n\n\n<p>\ud835\udde9\ud835\uddfc\ud835\uddf0\ud835\uddee\ud835\uddf9 2: Luis Lindo<\/p>\n\n\n\n<p>En su intervenci\u00f3n, nuestro alcalde felicit\u00f3 al flamante directorio al asumir esta responsabilidad, por lo que ratific\u00f3 el compromiso de la administraci\u00f3n municipal que lidera a fin de trabajar en proyectos conjuntos para mejorar el sistema de agua que suminsitra el l\u00edquido vital a 10 comunidades de nuestro cant\u00f3n: Chumaqu\u00ed, Chambiato, Huayrapata, Chiquicha Chico , Condorahua, Sigual\u00f3, Chiquicha Centro, Bautistaloma, Rumichaca Alto y Nit\u00f3n.<\/p>\n","protected":false},"excerpt":{"rendered":"<p>Hoy compartimos el evento de posesi\u00f3n del directorio de la&hellip; <\/p>\n","protected":false},"author":1,"featured_media":3197,"comment_status":"closed","ping_status":"closed","sticky":false,"template":"","format":"standard","meta":{"footnotes":""},"categories":[9],"tags":[],"class_list":["post-3196","post","type-post","status-publish","format-standard","has-post-thumbnail","hentry","category-slider"],"_links":{"self":[{"href":"https:\/\/pelileo.gob.ec\/v3\/wp-json\/wp\/v2\/posts\/3196","targetHints":{"allow":["GET"]}}],"collection":[{"href":"https:\/\/pelileo.gob.ec\/v3\/wp-json\/wp\/v2\/posts"}],"about":[{"href":"https:\/\/pelileo.gob.ec\/v3\/wp-json\/wp\/v2\/types\/post"}],"author":[{"embeddable":true,"href":"https:\/\/pelileo.gob.ec\/v3\/wp-json\/wp\/v2\/users\/1"}],"replies":[{"embeddable":true,"href":"https:\/\/pelileo.gob.ec\/v3\/wp-json\/wp\/v2\/comments?post=3196"}],"version-history":[{"count":1,"href":"https:\/\/pelileo.gob.ec\/v3\/wp-json\/wp\/v2\/posts\/3196\/revisions"}],"predecessor-version":[{"id":3198,"href":"https:\/\/pelileo.gob.ec\/v3\/wp-json\/wp\/v2\/posts\/3196\/revisions\/3198"}],"wp:featuredmedia":[{"embeddable":true,"href":"https:\/\/pelileo.gob.ec\/v3\/wp-json\/wp\/v2\/media\/3197"}],"wp:attachment":[{"href":"https:\/\/pelileo.gob.ec\/v3\/wp-json\/wp\/v2\/media?parent=3196"}],"wp:term":[{"taxonomy":"category","embeddable":true,"href":"https:\/\/pelileo.gob.ec\/v3\/wp-json\/wp\/v2\/categories?post=3196"},{"taxonomy":"post_tag","embeddable":true,"href":"https:\/\/pelileo.gob.ec\/v3\/wp-json\/wp\/v2\/tags?post=3196"}],"curies":[{"name":"wp","href":"https:\/\/api.w.org\/{rel}","templated":true}]}}