{"id":3208,"date":"2024-04-15T11:48:12","date_gmt":"2024-04-15T16:48:12","guid":{"rendered":"https:\/\/pelileo.gob.ec\/portal\/?p=3208"},"modified":"2024-04-15T11:48:12","modified_gmt":"2024-04-15T16:48:12","slug":"%f0%9d%97%94%f0%9d%97%b9%f0%9d%97%b0%f0%9d%97%ae%f0%9d%97%b9%f0%9d%97%b1%f0%9d%97%b2-%f0%9d%97%b1%f0%9d%97%b2%f0%9d%98%80%f0%9d%98%81%f0%9d%97%ae%f0%9d%97%b0o-%f0%9d%97%b3%f0%9d%98%82%f0%9d%97%b2","status":"publish","type":"post","link":"https:\/\/pelileo.gob.ec\/v3\/%f0%9d%97%94%f0%9d%97%b9%f0%9d%97%b0%f0%9d%97%ae%f0%9d%97%b9%f0%9d%97%b1%f0%9d%97%b2-%f0%9d%97%b1%f0%9d%97%b2%f0%9d%98%80%f0%9d%98%81%f0%9d%97%ae%f0%9d%97%b0o-%f0%9d%97%b3%f0%9d%98%82%f0%9d%97%b2\/","title":{"rendered":"\ud835\uddd4\ud835\uddf9\ud835\uddf0\ud835\uddee\ud835\uddf9\ud835\uddf1\ud835\uddf2 \ud835\uddf1\ud835\uddf2\ud835\ude00\ud835\ude01\ud835\uddee\ud835\uddf0\u00f3 \ud835\uddf3\ud835\ude02\ud835\uddf2\ud835\uddff\ud835\ude07\ud835\uddee \ud835\uddfd\ud835\uddff\ud835\uddfc\ud835\uddf1\ud835\ude02\ud835\uddf0\ud835\ude01\ud835\uddf6\ud835\ude03\ud835\uddee \ud835\uddf1\ud835\uddf2 \ud835\uddd6\ud835\uddfc\ud835\ude01\ud835\uddee\ud835\uddf9\u00f3"},"content":{"rendered":"\n<p>La fuerza emprendedora de los habitantes de la parroquia <a href=\"https:\/\/www.facebook.com\/hashtag\/cotal%C3%B3?__eep__=6&amp;__cft__[0]=AZVakmWu2MztCMgCy2zrAkilBDEa1cxIu_iot0u18tfZqz3F4RFroLGMgT3nGUlzjWBt615W9zbumwAhicBd1ndloSIrlUlDH9eA77RJI_70JgZMntv0Q7IuuxA9KO_VlXy5sPI_JPMKkcFR9l8IFAFhyhjuRXHaClzu50h8QIrUr67q9X_ajfNKALiwNe0MHB4&amp;__tn__=*NK-R\">#Cotal\u00f3<\/a>, se evidenci\u00f3 en todo su esplendor durante la Expo Feria denominada \u201cCotal\u00f3 al mundo 2024\u201d realizada en el Complejo tur\u00edstico La Cocha, con motivo de conmemorar 140 a\u00f1os de parroquializaci\u00f3n.<\/p>\n\n\n\n<p>El alcalde Gabriel Z\u00fa\u00f1iga reconoci\u00f3 el empe\u00f1o y esfuerzo diario de los artesanos y productores locales, para ofrecer productos de <a><\/a>calidad que gozan del reconocimiento nacional. Los visitantes adquirieron productos de calidad y a precios justos.<\/p>\n","protected":false},"excerpt":{"rendered":"<p>La fuerza emprendedora de los habitantes de la parroquia #Cotal\u00f3,&hellip; <\/p>\n","protected":false},"author":1,"featured_media":3209,"comment_status":"closed","ping_status":"closed","sticky":false,"template":"","format":"standard","meta":{"footnotes":""},"categories":[9],"tags":[],"class_list":["post-3208","post","type-post","status-publish","format-standard","has-post-thumbnail","hentry","category-slider"],"_links":{"self":[{"href":"https:\/\/pelileo.gob.ec\/v3\/wp-json\/wp\/v2\/posts\/3208","targetHints":{"allow":["GET"]}}],"collection":[{"href":"https:\/\/pelileo.gob.ec\/v3\/wp-json\/wp\/v2\/posts"}],"about":[{"href":"https:\/\/pelileo.gob.ec\/v3\/wp-json\/wp\/v2\/types\/post"}],"author":[{"embeddable":true,"href":"https:\/\/pelileo.gob.ec\/v3\/wp-json\/wp\/v2\/users\/1"}],"replies":[{"embeddable":true,"href":"https:\/\/pelileo.gob.ec\/v3\/wp-json\/wp\/v2\/comments?post=3208"}],"version-history":[{"count":1,"href":"https:\/\/pelileo.gob.ec\/v3\/wp-json\/wp\/v2\/posts\/3208\/revisions"}],"predecessor-version":[{"id":3210,"href":"https:\/\/pelileo.gob.ec\/v3\/wp-json\/wp\/v2\/posts\/3208\/revisions\/3210"}],"wp:featuredmedia":[{"embeddable":true,"href":"https:\/\/pelileo.gob.ec\/v3\/wp-json\/wp\/v2\/media\/3209"}],"wp:attachment":[{"href":"https:\/\/pelileo.gob.ec\/v3\/wp-json\/wp\/v2\/media?parent=3208"}],"wp:term":[{"taxonomy":"category","embeddable":true,"href":"https:\/\/pelileo.gob.ec\/v3\/wp-json\/wp\/v2\/categories?post=3208"},{"taxonomy":"post_tag","embeddable":true,"href":"https:\/\/pelileo.gob.ec\/v3\/wp-json\/wp\/v2\/tags?post=3208"}],"curies":[{"name":"wp","href":"https:\/\/api.w.org\/{rel}","templated":true}]}}