{"id":3228,"date":"2024-05-02T16:04:27","date_gmt":"2024-05-02T21:04:27","guid":{"rendered":"https:\/\/pelileo.gob.ec\/portal\/?p=3228"},"modified":"2024-05-02T16:04:27","modified_gmt":"2024-05-02T21:04:27","slug":"%f0%9d%97%a0%f0%9d%98%82%f0%9d%97%bb%f0%9d%97%b6%f0%9d%97%b0%f0%9d%97%b6%f0%9d%97%bd%f0%9d%97%ae%f0%9d%97%b9%f0%9d%97%b6%f0%9d%97%b1%f0%9d%97%ae%f0%9d%97%b1-%f0%9d%97%b0%f0%9d%97%bc%f0%9d%97%bb-2","status":"publish","type":"post","link":"https:\/\/pelileo.gob.ec\/v3\/%f0%9d%97%a0%f0%9d%98%82%f0%9d%97%bb%f0%9d%97%b6%f0%9d%97%b0%f0%9d%97%b6%f0%9d%97%bd%f0%9d%97%ae%f0%9d%97%b9%f0%9d%97%b6%f0%9d%97%b1%f0%9d%97%ae%f0%9d%97%b1-%f0%9d%97%b0%f0%9d%97%bc%f0%9d%97%bb-2\/","title":{"rendered":"\ud835\udde0\ud835\ude02\ud835\uddfb\ud835\uddf6\ud835\uddf0\ud835\uddf6\ud835\uddfd\ud835\uddee\ud835\uddf9\ud835\uddf6\ud835\uddf1\ud835\uddee\ud835\uddf1 \ud835\uddf0\ud835\uddfc\ud835\uddfb\ud835\uddfa\ud835\uddf2\ud835\uddfa\ud835\uddfc\ud835\uddff\ud835\uddee \ud835\uddf9\ud835\uddee \ud835\uddfd\ud835\uddee\ud835\uddff\ud835\uddff\ud835\uddfc\ud835\uddfe\ud835\ude02\ud835\uddf6\ud835\uddee\ud835\uddf9\ud835\uddf6\ud835\ude07\ud835\uddee\ud835\uddf0\ud835\uddf6\u00f3\ud835\uddfb \ud835\uddf0\ud835\uddfc\ud835\uddfb \ud835\uddf2\ud835\uddfb\ud835\ude01\ud835\uddff\ud835\uddf2\ud835\uddf4\ud835\uddee \ud835\uddf1\ud835\uddf2 \ud835\uddff\ud835\uddf2\ud835\uddf0\ud835\ude02\ud835\uddff\ud835\ude00\ud835\uddfc\ud835\ude00"},"content":{"rendered":"\n<p>En el marco del cent\u00e9simo trig\u00e9simo sexto aniversario de parroquializaci\u00f3n de \u201cEl Rosario\u201d, el alcalde Gabriel Z\u00fa\u00f1iga en representaci\u00f3n del GAD municipal de San Pedro de <a href=\"https:\/\/www.facebook.com\/hashtag\/pelileo?__eep__=6&amp;__cft__[0]=AZW1O1Hi8Du9VaxX1bHQno_RxUyzUatR0J2oytRtOTTLhftXfY-GxwdWwDOgvu4ptAP7ixjHKG-zdpIIJorgjXAehIE88QHRcyXEDGMv744gnBZJ8211w8ISyHOHdhCFXmewbg0trctjbXt-WJKuMDP9Uc81yYORPTj0ZwQG2OITXbZkQGD0s7dIGiieYsdj_K8SOANiB1XbDtomNJ0L61W_&amp;__tn__=*NK-R\">#Pelileo<\/a> y el Presidente del Gobierno parroquial de El Rosario Byron Cunalata, suscribieron p\u00fablicamente un Convenio de Cooperaci\u00f3n Interinstitucional por un monto de 170.000,00 <a><\/a>d\u00f3lares para la ejecuci\u00f3n de varios proyectos en las comunidades y centro parroquial.<\/p>\n\n\n\n<p>\u201cDe esta manera, la municipalidad ratifica el compromiso de trabajo conjunto con nuestra gente, no solo de la matriz, sino tambi\u00e9n de la zona rural\u201d, recalc\u00f3 el alcalde de Pelileo tras la suscripci\u00f3n del documento y felicitar a los habitantes de esta parroquia por su nuevo aniversario de vida pol\u00edtica.<\/p>\n","protected":false},"excerpt":{"rendered":"<p>En el marco del cent\u00e9simo trig\u00e9simo sexto aniversario de parroquializaci\u00f3n&hellip; <\/p>\n","protected":false},"author":1,"featured_media":3229,"comment_status":"closed","ping_status":"closed","sticky":false,"template":"","format":"standard","meta":{"footnotes":""},"categories":[9],"tags":[],"class_list":["post-3228","post","type-post","status-publish","format-standard","has-post-thumbnail","hentry","category-slider"],"_links":{"self":[{"href":"https:\/\/pelileo.gob.ec\/v3\/wp-json\/wp\/v2\/posts\/3228","targetHints":{"allow":["GET"]}}],"collection":[{"href":"https:\/\/pelileo.gob.ec\/v3\/wp-json\/wp\/v2\/posts"}],"about":[{"href":"https:\/\/pelileo.gob.ec\/v3\/wp-json\/wp\/v2\/types\/post"}],"author":[{"embeddable":true,"href":"https:\/\/pelileo.gob.ec\/v3\/wp-json\/wp\/v2\/users\/1"}],"replies":[{"embeddable":true,"href":"https:\/\/pelileo.gob.ec\/v3\/wp-json\/wp\/v2\/comments?post=3228"}],"version-history":[{"count":1,"href":"https:\/\/pelileo.gob.ec\/v3\/wp-json\/wp\/v2\/posts\/3228\/revisions"}],"predecessor-version":[{"id":3230,"href":"https:\/\/pelileo.gob.ec\/v3\/wp-json\/wp\/v2\/posts\/3228\/revisions\/3230"}],"wp:featuredmedia":[{"embeddable":true,"href":"https:\/\/pelileo.gob.ec\/v3\/wp-json\/wp\/v2\/media\/3229"}],"wp:attachment":[{"href":"https:\/\/pelileo.gob.ec\/v3\/wp-json\/wp\/v2\/media?parent=3228"}],"wp:term":[{"taxonomy":"category","embeddable":true,"href":"https:\/\/pelileo.gob.ec\/v3\/wp-json\/wp\/v2\/categories?post=3228"},{"taxonomy":"post_tag","embeddable":true,"href":"https:\/\/pelileo.gob.ec\/v3\/wp-json\/wp\/v2\/tags?post=3228"}],"curies":[{"name":"wp","href":"https:\/\/api.w.org\/{rel}","templated":true}]}}