{"id":3237,"date":"2024-05-09T09:42:20","date_gmt":"2024-05-09T14:42:20","guid":{"rendered":"https:\/\/pelileo.gob.ec\/portal\/?p=3237"},"modified":"2024-05-09T09:42:20","modified_gmt":"2024-05-09T14:42:20","slug":"%f0%9d%97%a0%f0%9d%97%ae%f0%9d%97%bb%f0%9d%98%81%f0%9d%97%b2%f0%9d%97%bb%f0%9d%97%b6%f0%9d%97%ba%f0%9d%97%b6%f0%9d%97%b2%f0%9d%97%bb%f0%9d%98%81%f0%9d%97%bc-%f0%9d%98%83%f0%9d%97%b6%f0%9d%97%ae","status":"publish","type":"post","link":"https:\/\/pelileo.gob.ec\/v3\/%f0%9d%97%a0%f0%9d%97%ae%f0%9d%97%bb%f0%9d%98%81%f0%9d%97%b2%f0%9d%97%bb%f0%9d%97%b6%f0%9d%97%ba%f0%9d%97%b6%f0%9d%97%b2%f0%9d%97%bb%f0%9d%98%81%f0%9d%97%bc-%f0%9d%98%83%f0%9d%97%b6%f0%9d%97%ae\/","title":{"rendered":"\ud835\udde0\ud835\uddee\ud835\uddfb\ud835\ude01\ud835\uddf2\ud835\uddfb\ud835\uddf6\ud835\uddfa\ud835\uddf6\ud835\uddf2\ud835\uddfb\ud835\ude01\ud835\uddfc \ud835\ude03\ud835\uddf6\ud835\uddee\ud835\uddf9 \ud835\uddf2\ud835\uddfb \ud835\uddf9\ud835\uddee \ud835\uddfd\ud835\uddee\ud835\uddff\ud835\uddff\ud835\uddfc\ud835\uddfe\ud835\ude02\ud835\uddf6\ud835\uddee \ud835\uddda\ud835\uddee\ud835\uddff\ud835\uddf0\u00ed\ud835\uddee \ud835\udde0\ud835\uddfc\ud835\uddff\ud835\uddf2\ud835\uddfb\ud835\uddfc"},"content":{"rendered":"\n<p>A partir de hoy y durante los pr\u00f3ximos 15 d\u00edas, el equipo caminero de la municipalidad con sus respectivos operadores y ayudantes realizar\u00e1 trabajos de mantenimiento de las principales v\u00edas del centro parroquial y las comunidades de Garc\u00eda Moreno, a fin de brindar todas las facilidades a la movilizaci\u00f3n vehicular y peatonal.<\/p>\n\n\n\n<p>El equipo est\u00e1 compuesto por una motoniveladora para <a><\/a>resanteo y nivelaci\u00f3n de v\u00edas, una cargadora frontal para ensanchamiento y apertura de carreteras, una mini cargadora que cumple la funci\u00f3n de limpieza de cunetas, una retro excavadora para cualquier tipo de trabajo de excavaci\u00f3n y dos volquetas para el traslado de desalojo de materiales, explic\u00f3 el coordinador de maquinaria municipal Marcelo Masabanda.<\/p>\n","protected":false},"excerpt":{"rendered":"<p>A partir de hoy y durante los pr\u00f3ximos 15 d\u00edas,&hellip; <\/p>\n","protected":false},"author":1,"featured_media":3238,"comment_status":"closed","ping_status":"closed","sticky":false,"template":"","format":"standard","meta":{"footnotes":""},"categories":[9],"tags":[],"class_list":["post-3237","post","type-post","status-publish","format-standard","has-post-thumbnail","hentry","category-slider"],"_links":{"self":[{"href":"https:\/\/pelileo.gob.ec\/v3\/wp-json\/wp\/v2\/posts\/3237","targetHints":{"allow":["GET"]}}],"collection":[{"href":"https:\/\/pelileo.gob.ec\/v3\/wp-json\/wp\/v2\/posts"}],"about":[{"href":"https:\/\/pelileo.gob.ec\/v3\/wp-json\/wp\/v2\/types\/post"}],"author":[{"embeddable":true,"href":"https:\/\/pelileo.gob.ec\/v3\/wp-json\/wp\/v2\/users\/1"}],"replies":[{"embeddable":true,"href":"https:\/\/pelileo.gob.ec\/v3\/wp-json\/wp\/v2\/comments?post=3237"}],"version-history":[{"count":1,"href":"https:\/\/pelileo.gob.ec\/v3\/wp-json\/wp\/v2\/posts\/3237\/revisions"}],"predecessor-version":[{"id":3239,"href":"https:\/\/pelileo.gob.ec\/v3\/wp-json\/wp\/v2\/posts\/3237\/revisions\/3239"}],"wp:featuredmedia":[{"embeddable":true,"href":"https:\/\/pelileo.gob.ec\/v3\/wp-json\/wp\/v2\/media\/3238"}],"wp:attachment":[{"href":"https:\/\/pelileo.gob.ec\/v3\/wp-json\/wp\/v2\/media?parent=3237"}],"wp:term":[{"taxonomy":"category","embeddable":true,"href":"https:\/\/pelileo.gob.ec\/v3\/wp-json\/wp\/v2\/categories?post=3237"},{"taxonomy":"post_tag","embeddable":true,"href":"https:\/\/pelileo.gob.ec\/v3\/wp-json\/wp\/v2\/tags?post=3237"}],"curies":[{"name":"wp","href":"https:\/\/api.w.org\/{rel}","templated":true}]}}