{"id":3240,"date":"2024-05-09T09:45:30","date_gmt":"2024-05-09T14:45:30","guid":{"rendered":"https:\/\/pelileo.gob.ec\/portal\/?p=3240"},"modified":"2024-05-09T09:45:30","modified_gmt":"2024-05-09T14:45:30","slug":"%f0%9d%97%a6%f0%9d%97%b2-%f0%9d%98%83%f0%9d%97%b6%f0%9d%97%b2%f0%9d%97%bb%f0%9d%97%b2-%f0%9d%97%b9%f0%9d%97%ae-%f0%9d%97%a0%f0%9d%97%b2%f0%9d%97%b4%f0%9d%97%ae%f0%9d%97%bf%f0%9d%98%82%f0%9d%97%ba","status":"publish","type":"post","link":"https:\/\/pelileo.gob.ec\/v3\/%f0%9d%97%a6%f0%9d%97%b2-%f0%9d%98%83%f0%9d%97%b6%f0%9d%97%b2%f0%9d%97%bb%f0%9d%97%b2-%f0%9d%97%b9%f0%9d%97%ae-%f0%9d%97%a0%f0%9d%97%b2%f0%9d%97%b4%f0%9d%97%ae%f0%9d%97%bf%f0%9d%98%82%f0%9d%97%ba\/","title":{"rendered":"\ud835\udde6\ud835\uddf2 \ud835\ude03\ud835\uddf6\ud835\uddf2\ud835\uddfb\ud835\uddf2 \ud835\uddf9\ud835\uddee \ud835\udde0\ud835\uddf2\ud835\uddf4\ud835\uddee\ud835\uddff\ud835\ude02\ud835\uddfa\ud835\uddef\ud835\uddee \ud835\uddf2\ud835\uddfb \ud835\uddf5\ud835\uddfc\ud835\uddfa\ud835\uddf2\ud835\uddfb\ud835\uddee\ud835\uddf7\ud835\uddf2 \ud835\uddee\ud835\uddf9 \u201c\ud835\uddd7\u00ed\ud835\uddee \ud835\uddf1\ud835\uddf2 \ud835\uddf9\ud835\uddee \ud835\uddfa\ud835\uddee\ud835\uddf1\ud835\uddff\ud835\uddf2\u201d"},"content":{"rendered":"\n<p>Pelileo se pone en movimiento para celebrar a la reina del hogar en su d\u00eda cl\u00e1sico. Les esperamos este viernes en la calle 22 de julio y Padre Jorge Chac\u00f3n para gritar juntos \u00a1\ud835\udde9\ud835\uddf6\ud835\ude03\ud835\uddee \ud835\uddf2\ud835\uddf9 \ud835\uddd7\u00ed\ud835\uddee \ud835\uddf1\ud835\uddf2 \ud835\uddf9\ud835\uddee \ud835\uddfa\ud835\uddee\ud835\uddf1\ud835\uddff\ud835\uddf2!.<\/p>\n","protected":false},"excerpt":{"rendered":"<p>Pelileo se pone en movimiento para celebrar a la reina&hellip; <\/p>\n","protected":false},"author":1,"featured_media":3241,"comment_status":"closed","ping_status":"closed","sticky":false,"template":"","format":"standard","meta":{"footnotes":""},"categories":[9],"tags":[],"class_list":["post-3240","post","type-post","status-publish","format-standard","has-post-thumbnail","hentry","category-slider"],"_links":{"self":[{"href":"https:\/\/pelileo.gob.ec\/v3\/wp-json\/wp\/v2\/posts\/3240","targetHints":{"allow":["GET"]}}],"collection":[{"href":"https:\/\/pelileo.gob.ec\/v3\/wp-json\/wp\/v2\/posts"}],"about":[{"href":"https:\/\/pelileo.gob.ec\/v3\/wp-json\/wp\/v2\/types\/post"}],"author":[{"embeddable":true,"href":"https:\/\/pelileo.gob.ec\/v3\/wp-json\/wp\/v2\/users\/1"}],"replies":[{"embeddable":true,"href":"https:\/\/pelileo.gob.ec\/v3\/wp-json\/wp\/v2\/comments?post=3240"}],"version-history":[{"count":1,"href":"https:\/\/pelileo.gob.ec\/v3\/wp-json\/wp\/v2\/posts\/3240\/revisions"}],"predecessor-version":[{"id":3242,"href":"https:\/\/pelileo.gob.ec\/v3\/wp-json\/wp\/v2\/posts\/3240\/revisions\/3242"}],"wp:featuredmedia":[{"embeddable":true,"href":"https:\/\/pelileo.gob.ec\/v3\/wp-json\/wp\/v2\/media\/3241"}],"wp:attachment":[{"href":"https:\/\/pelileo.gob.ec\/v3\/wp-json\/wp\/v2\/media?parent=3240"}],"wp:term":[{"taxonomy":"category","embeddable":true,"href":"https:\/\/pelileo.gob.ec\/v3\/wp-json\/wp\/v2\/categories?post=3240"},{"taxonomy":"post_tag","embeddable":true,"href":"https:\/\/pelileo.gob.ec\/v3\/wp-json\/wp\/v2\/tags?post=3240"}],"curies":[{"name":"wp","href":"https:\/\/api.w.org\/{rel}","templated":true}]}}