{"id":3269,"date":"2024-05-20T14:30:34","date_gmt":"2024-05-20T19:30:34","guid":{"rendered":"https:\/\/pelileo.gob.ec\/portal\/?p=3269"},"modified":"2024-05-20T14:30:34","modified_gmt":"2024-05-20T19:30:34","slug":"%f0%9d%97%a0%f0%9d%97%b6%f0%9d%97%bb%f0%9d%97%b4%f0%9d%97%ae-%f0%9d%97%b1%f0%9d%97%b2-%f0%9d%97%b9%f0%9d%97%ae-%f0%9d%98%80%f0%9d%97%ae%f0%9d%97%b9%f0%9d%98%82%f0%9d%97%b1-%f0%9d%97%b9","status":"publish","type":"post","link":"https:\/\/pelileo.gob.ec\/v3\/%f0%9d%97%a0%f0%9d%97%b6%f0%9d%97%bb%f0%9d%97%b4%f0%9d%97%ae-%f0%9d%97%b1%f0%9d%97%b2-%f0%9d%97%b9%f0%9d%97%ae-%f0%9d%98%80%f0%9d%97%ae%f0%9d%97%b9%f0%9d%98%82%f0%9d%97%b1-%f0%9d%97%b9\/","title":{"rendered":"\ud835\udde0\ud835\uddf6\ud835\uddfb\ud835\uddf4\ud835\uddee \ud835\uddf1\ud835\uddf2 \ud835\uddf9\ud835\uddee \ud835\ude00\ud835\uddee\ud835\uddf9\ud835\ude02\ud835\uddf1\u201d \ud835\uddf9\ud835\uddf9\ud835\uddf2\ud835\ude03\u00f3 \ud835\uddf2\ud835\ude00\ud835\uddfd\ud835\uddf2\ud835\uddff\ud835\uddee\ud835\uddfb\ud835\ude07\ud835\uddee \ud835\uddee \ud835\uddfd\ud835\uddf2\ud835\uddff\ud835\ude00\ud835\uddfc\ud835\uddfb\ud835\uddee\ud835\ude00 \ud835\ude03\ud835\ude02\ud835\uddf9\ud835\uddfb\ud835\uddf2\ud835\uddff\ud835\uddee\ud835\uddef\ud835\uddf9\ud835\uddf2\ud835\ude00"},"content":{"rendered":"\n<p>Un total de 2.150 personas de las parroquias de <a href=\"https:\/\/www.facebook.com\/hashtag\/pelileo?__eep__=6&amp;__cft__[0]=AZWwnU7V_ILwLh7e6O_RIWo8wH_ly4jp5Qzlwd0Gw-oHHU1VYkaPfoTom5PNe-8q74cQ--IF7SgFIEjBKJpDNYjTkjGStqARP9-xDZ04ehA1q8jZpXPUc5ErKhcWs_a23sBgvjWYsxnjg837L5Sbt6w44mm3_2UBURXWow1WufUDP1nwmHcnWypavGSylnRFU6FRfJix8C6IiLBEczXKoAuh&amp;__tn__=*NK-R\">#Pelileo<\/a>, recibieron atenci\u00f3n m\u00e9dica durante la Brigada \u201cMinga de la salud\u201d realizada desde el 27 de febrero hasta el 27 de abril, de manera conjunta entre el Patronato del Gobierno Provincial y la Unidad de Trabajo Social del GAD municipal de Pelileo.<\/p>\n\n\n\n<p>Por este motivo, el alcalde Gabriel Z\u00fa\u00f1iga expres\u00f3 la gratitud a <a><\/a>nombre de los habitantes de Pelileo al personal m\u00e9dico y administrativo del Patronato Provincial por el aporte generoso y desinteresado para aliviar el dolor humano de nuestros ciudadanos.<\/p>\n","protected":false},"excerpt":{"rendered":"<p>Un total de 2.150 personas de las parroquias de #Pelileo,&hellip; <\/p>\n","protected":false},"author":1,"featured_media":3270,"comment_status":"closed","ping_status":"closed","sticky":false,"template":"","format":"standard","meta":{"footnotes":""},"categories":[9],"tags":[],"class_list":["post-3269","post","type-post","status-publish","format-standard","has-post-thumbnail","hentry","category-slider"],"_links":{"self":[{"href":"https:\/\/pelileo.gob.ec\/v3\/wp-json\/wp\/v2\/posts\/3269","targetHints":{"allow":["GET"]}}],"collection":[{"href":"https:\/\/pelileo.gob.ec\/v3\/wp-json\/wp\/v2\/posts"}],"about":[{"href":"https:\/\/pelileo.gob.ec\/v3\/wp-json\/wp\/v2\/types\/post"}],"author":[{"embeddable":true,"href":"https:\/\/pelileo.gob.ec\/v3\/wp-json\/wp\/v2\/users\/1"}],"replies":[{"embeddable":true,"href":"https:\/\/pelileo.gob.ec\/v3\/wp-json\/wp\/v2\/comments?post=3269"}],"version-history":[{"count":1,"href":"https:\/\/pelileo.gob.ec\/v3\/wp-json\/wp\/v2\/posts\/3269\/revisions"}],"predecessor-version":[{"id":3271,"href":"https:\/\/pelileo.gob.ec\/v3\/wp-json\/wp\/v2\/posts\/3269\/revisions\/3271"}],"wp:featuredmedia":[{"embeddable":true,"href":"https:\/\/pelileo.gob.ec\/v3\/wp-json\/wp\/v2\/media\/3270"}],"wp:attachment":[{"href":"https:\/\/pelileo.gob.ec\/v3\/wp-json\/wp\/v2\/media?parent=3269"}],"wp:term":[{"taxonomy":"category","embeddable":true,"href":"https:\/\/pelileo.gob.ec\/v3\/wp-json\/wp\/v2\/categories?post=3269"},{"taxonomy":"post_tag","embeddable":true,"href":"https:\/\/pelileo.gob.ec\/v3\/wp-json\/wp\/v2\/tags?post=3269"}],"curies":[{"name":"wp","href":"https:\/\/api.w.org\/{rel}","templated":true}]}}