{"id":3308,"date":"2024-05-28T10:36:01","date_gmt":"2024-05-28T15:36:01","guid":{"rendered":"https:\/\/pelileo.gob.ec\/portal\/?p=3308"},"modified":"2024-05-28T10:36:01","modified_gmt":"2024-05-28T15:36:01","slug":"%f0%9d%97%97%f0%9d%97%b2%f0%9d%97%b9%f0%9d%97%b6%f0%9d%97%af%f0%9d%97%b2%f0%9d%97%bf%f0%9d%97%ae%f0%9d%97%b0%f0%9d%97%b6o%f0%9d%97%bb-%f0%9d%97%a3u%f0%9d%97%af%f0%9d%97%b9%f0%9d%97%b6%f0%9d%97%b0","status":"publish","type":"post","link":"https:\/\/pelileo.gob.ec\/v3\/%f0%9d%97%97%f0%9d%97%b2%f0%9d%97%b9%f0%9d%97%b6%f0%9d%97%af%f0%9d%97%b2%f0%9d%97%bf%f0%9d%97%ae%f0%9d%97%b0%f0%9d%97%b6o%f0%9d%97%bb-%f0%9d%97%a3u%f0%9d%97%af%f0%9d%97%b9%f0%9d%97%b6%f0%9d%97%b0\/","title":{"rendered":"\ud835\uddd7\ud835\uddf2\ud835\uddf9\ud835\uddf6\ud835\uddef\ud835\uddf2\ud835\uddff\ud835\uddee\ud835\uddf0\ud835\uddf6\u00f3\ud835\uddfb \ud835\udde3\u00fa\ud835\uddef\ud835\uddf9\ud835\uddf6\ud835\uddf0\ud835\uddee \ud835\uddf1\ud835\uddf2 \ud835\udde5\ud835\uddf2\ud835\uddfb\ud835\uddf1\ud835\uddf6\ud835\uddf0\ud835\uddf6\u00f3\ud835\uddfb \ud835\uddf1\ud835\uddf2 \ud835\uddd6\ud835\ude02\ud835\uddf2\ud835\uddfb\ud835\ude01\ud835\uddee\ud835\ude00"},"content":{"rendered":"\n<p>Con transparencia y responsabilidad, el alcalde Gabriel Z\u00fa\u00f1iga y el equipo de Concejales municipales, rindieron cuentas del trabajo cumplido durante el periodo fiscal 2023, ofreciendo a la ciudadan\u00eda un detalle pormenorizado de los resultados alcanzados al frente de la administraci\u00f3n municipal.<\/p>\n\n\n\n<p>Durante esta Audiencia p\u00fablica, la administraci\u00f3n municipal que lidera el alcalde Gabriel <a><\/a>Z\u00fa\u00f1iga, reafirm\u00f3 el compromiso con el desarrollo del cant\u00f3n, a fin de continuar construyendo un <a href=\"https:\/\/www.facebook.com\/hashtag\/pelileo?__eep__=6&amp;__cft__[0]=AZUwY_lInYa_n44TFObES5dZouxoWZTvYPP2Fyc_QWY6HSircihKQGE9r0ev5T5oavMDaFzJ8Br-2zN-HvomhQJpFHjoNvJhQFE54-gQy9Z2YEkFyjlK8XWg64QVwhFrnOQ6nm371CTJrvmsvohhl7lyuYXrGsYBIrO_9RMg9IyJrZQBOr50TEXNncds6Tnry5ATeT7X_V4CbgR59__Loe_H&amp;__tn__=*NK-R\">#Pelileo<\/a> pr\u00f3spero, moderno y seguro. Compartimos con Uds. las postales que dej\u00f3 este importante evento.<\/p>\n","protected":false},"excerpt":{"rendered":"<p>Con transparencia y responsabilidad, el alcalde Gabriel Z\u00fa\u00f1iga y el&hellip; <\/p>\n","protected":false},"author":1,"featured_media":3309,"comment_status":"closed","ping_status":"closed","sticky":false,"template":"","format":"standard","meta":{"footnotes":""},"categories":[9],"tags":[],"class_list":["post-3308","post","type-post","status-publish","format-standard","has-post-thumbnail","hentry","category-slider"],"_links":{"self":[{"href":"https:\/\/pelileo.gob.ec\/v3\/wp-json\/wp\/v2\/posts\/3308","targetHints":{"allow":["GET"]}}],"collection":[{"href":"https:\/\/pelileo.gob.ec\/v3\/wp-json\/wp\/v2\/posts"}],"about":[{"href":"https:\/\/pelileo.gob.ec\/v3\/wp-json\/wp\/v2\/types\/post"}],"author":[{"embeddable":true,"href":"https:\/\/pelileo.gob.ec\/v3\/wp-json\/wp\/v2\/users\/1"}],"replies":[{"embeddable":true,"href":"https:\/\/pelileo.gob.ec\/v3\/wp-json\/wp\/v2\/comments?post=3308"}],"version-history":[{"count":1,"href":"https:\/\/pelileo.gob.ec\/v3\/wp-json\/wp\/v2\/posts\/3308\/revisions"}],"predecessor-version":[{"id":3310,"href":"https:\/\/pelileo.gob.ec\/v3\/wp-json\/wp\/v2\/posts\/3308\/revisions\/3310"}],"wp:featuredmedia":[{"embeddable":true,"href":"https:\/\/pelileo.gob.ec\/v3\/wp-json\/wp\/v2\/media\/3309"}],"wp:attachment":[{"href":"https:\/\/pelileo.gob.ec\/v3\/wp-json\/wp\/v2\/media?parent=3308"}],"wp:term":[{"taxonomy":"category","embeddable":true,"href":"https:\/\/pelileo.gob.ec\/v3\/wp-json\/wp\/v2\/categories?post=3308"},{"taxonomy":"post_tag","embeddable":true,"href":"https:\/\/pelileo.gob.ec\/v3\/wp-json\/wp\/v2\/tags?post=3308"}],"curies":[{"name":"wp","href":"https:\/\/api.w.org\/{rel}","templated":true}]}}