{"id":3322,"date":"2024-06-10T10:54:24","date_gmt":"2024-06-10T15:54:24","guid":{"rendered":"https:\/\/pelileo.gob.ec\/portal\/?p=3322"},"modified":"2024-06-10T10:54:24","modified_gmt":"2024-06-10T15:54:24","slug":"anunciamos-el-inicio-de-las-festividades-por-los-164-anos-de-cantonizacion-de-san-pedro-de-pelileo","status":"publish","type":"post","link":"https:\/\/pelileo.gob.ec\/v3\/anunciamos-el-inicio-de-las-festividades-por-los-164-anos-de-cantonizacion-de-san-pedro-de-pelileo\/","title":{"rendered":"Anunciamos el inicio de las festividades por los 164 a\u00f1os de cantonizaci\u00f3n de San Pedro de Pelileo!"},"content":{"rendered":"\n<p>Con gran entusiasmo y coraz\u00f3n desbordante, anunciamos el inicio de las festividades por los 164 a\u00f1os de cantonizaci\u00f3n de San Pedro de Pelileo!<\/p>\n\n\n\n<p>Es un momento de j\u00fabilo, donde cada evento del cronograma es una chispa que enciende la alegr\u00eda de nuestra gente.<\/p>\n\n\n\n<p>Celebremos con pasi\u00f3n este hito hist\u00f3rico, llenando cada rinc\u00f3n con la vibrante energ\u00eda de Pelileo.<\/p>\n\n\n\n<iframe src=\"https:\/\/www.facebook.com\/plugins\/post.php?href=https%3A%2F%2Fwww.facebook.com%2Fpelileo.gob.ec%2Fposts%2Fpfbid02iCzon7Z5G6AgvN4kMi66iU4HTh13wuCPz94HA9obqfQ6sqTtyyN5EwQfP9ugWmVnl&#038;show_text=true&#038;width=500\" width=\"500\" height=\"684\" style=\"border:none;overflow:hidden\" scrolling=\"no\" frameborder=\"0\" allowfullscreen=\"true\" allow=\"autoplay; clipboard-write; encrypted-media; picture-in-picture; web-share\"><\/iframe>\n","protected":false},"excerpt":{"rendered":"<p>Con gran entusiasmo y coraz\u00f3n desbordante, anunciamos el inicio de&hellip; <\/p>\n","protected":false},"author":1,"featured_media":3323,"comment_status":"closed","ping_status":"closed","sticky":false,"template":"","format":"standard","meta":{"footnotes":""},"categories":[9],"tags":[],"class_list":["post-3322","post","type-post","status-publish","format-standard","has-post-thumbnail","hentry","category-slider"],"_links":{"self":[{"href":"https:\/\/pelileo.gob.ec\/v3\/wp-json\/wp\/v2\/posts\/3322","targetHints":{"allow":["GET"]}}],"collection":[{"href":"https:\/\/pelileo.gob.ec\/v3\/wp-json\/wp\/v2\/posts"}],"about":[{"href":"https:\/\/pelileo.gob.ec\/v3\/wp-json\/wp\/v2\/types\/post"}],"author":[{"embeddable":true,"href":"https:\/\/pelileo.gob.ec\/v3\/wp-json\/wp\/v2\/users\/1"}],"replies":[{"embeddable":true,"href":"https:\/\/pelileo.gob.ec\/v3\/wp-json\/wp\/v2\/comments?post=3322"}],"version-history":[{"count":1,"href":"https:\/\/pelileo.gob.ec\/v3\/wp-json\/wp\/v2\/posts\/3322\/revisions"}],"predecessor-version":[{"id":3324,"href":"https:\/\/pelileo.gob.ec\/v3\/wp-json\/wp\/v2\/posts\/3322\/revisions\/3324"}],"wp:featuredmedia":[{"embeddable":true,"href":"https:\/\/pelileo.gob.ec\/v3\/wp-json\/wp\/v2\/media\/3323"}],"wp:attachment":[{"href":"https:\/\/pelileo.gob.ec\/v3\/wp-json\/wp\/v2\/media?parent=3322"}],"wp:term":[{"taxonomy":"category","embeddable":true,"href":"https:\/\/pelileo.gob.ec\/v3\/wp-json\/wp\/v2\/categories?post=3322"},{"taxonomy":"post_tag","embeddable":true,"href":"https:\/\/pelileo.gob.ec\/v3\/wp-json\/wp\/v2\/tags?post=3322"}],"curies":[{"name":"wp","href":"https:\/\/api.w.org\/{rel}","templated":true}]}}