{"id":3326,"date":"2024-06-10T11:03:58","date_gmt":"2024-06-10T16:03:58","guid":{"rendered":"https:\/\/pelileo.gob.ec\/portal\/?p=3326"},"modified":"2024-06-10T11:03:58","modified_gmt":"2024-06-10T16:03:58","slug":"%f0%9d%97%96%f0%9d%97%bc%f0%9d%97%b9%f0%9d%97%bc%f0%9d%97%bf%f0%9d%97%b6%f0%9d%97%b1%f0%9d%97%bc-%f0%9d%97%a3%f0%9d%97%bf%f0%9d%97%b2%f0%9d%97%b4o%f0%9d%97%bb-%f0%9d%97%ae","status":"publish","type":"post","link":"https:\/\/pelileo.gob.ec\/v3\/%f0%9d%97%96%f0%9d%97%bc%f0%9d%97%b9%f0%9d%97%bc%f0%9d%97%bf%f0%9d%97%b6%f0%9d%97%b1%f0%9d%97%bc-%f0%9d%97%a3%f0%9d%97%bf%f0%9d%97%b2%f0%9d%97%b4o%f0%9d%97%bb-%f0%9d%97%ae\/","title":{"rendered":"\ud835\uddd6\ud835\uddfc\ud835\uddf9\ud835\uddfc\ud835\uddff\ud835\uddf6\ud835\uddf1\ud835\uddfc \u201c\ud835\udde3\ud835\uddff\ud835\uddf2\ud835\uddf4\u00f3\ud835\uddfb\u201d \ud835\uddee\ud835\uddef\ud835\uddff\ud835\uddf6\u00f3 \ud835\uddf9\ud835\uddee\ud835\ude00 \ud835\uddf3\ud835\uddf6\ud835\uddf2\ud835\ude00\ud835\ude01\ud835\uddee\ud835\ude00 \ud835\uddf1\ud835\uddf2 \ud835\udde3\ud835\uddf2\ud835\uddf9\ud835\uddf6\ud835\uddf9\ud835\uddf2\ud835\uddfc"},"content":{"rendered":"\n<p>Un derroche de alegr\u00eda y esplendor constituy\u00f3 el \u201cPreg\u00f3n de fiestas\u201d en homenaje a los 164 a\u00f1os de cantonizaci\u00f3n de San Pedro de Pelileo, donde nuestros ciudadanos y visitantes disfrutaron las manifestaciones art\u00edsticas y culturales del folclor nacional y latinoamericanos que elevaron los \u00e1nimos de los presentes y todos a una solo voz gritaron con emoci\u00f3n \u00a1Viva Pelileo!.<\/p>\n\n\n\n<p>El alcalde <a><\/a>Gabriel Z\u00fa\u00f1iga, agradeci\u00f3 la participaci\u00f3n masiva de las instituciones educativas, parroquias, comunidades, empresas p\u00fablicas, autoridades y la ciudadan\u00eda en general que desde las veredas aplaudieron el esfuerzo de los participantes.<\/p>\n","protected":false},"excerpt":{"rendered":"<p>Un derroche de alegr\u00eda y esplendor constituy\u00f3 el \u201cPreg\u00f3n de&hellip; <\/p>\n","protected":false},"author":1,"featured_media":3327,"comment_status":"closed","ping_status":"closed","sticky":false,"template":"","format":"standard","meta":{"footnotes":""},"categories":[9],"tags":[],"class_list":["post-3326","post","type-post","status-publish","format-standard","has-post-thumbnail","hentry","category-slider"],"_links":{"self":[{"href":"https:\/\/pelileo.gob.ec\/v3\/wp-json\/wp\/v2\/posts\/3326","targetHints":{"allow":["GET"]}}],"collection":[{"href":"https:\/\/pelileo.gob.ec\/v3\/wp-json\/wp\/v2\/posts"}],"about":[{"href":"https:\/\/pelileo.gob.ec\/v3\/wp-json\/wp\/v2\/types\/post"}],"author":[{"embeddable":true,"href":"https:\/\/pelileo.gob.ec\/v3\/wp-json\/wp\/v2\/users\/1"}],"replies":[{"embeddable":true,"href":"https:\/\/pelileo.gob.ec\/v3\/wp-json\/wp\/v2\/comments?post=3326"}],"version-history":[{"count":1,"href":"https:\/\/pelileo.gob.ec\/v3\/wp-json\/wp\/v2\/posts\/3326\/revisions"}],"predecessor-version":[{"id":3328,"href":"https:\/\/pelileo.gob.ec\/v3\/wp-json\/wp\/v2\/posts\/3326\/revisions\/3328"}],"wp:featuredmedia":[{"embeddable":true,"href":"https:\/\/pelileo.gob.ec\/v3\/wp-json\/wp\/v2\/media\/3327"}],"wp:attachment":[{"href":"https:\/\/pelileo.gob.ec\/v3\/wp-json\/wp\/v2\/media?parent=3326"}],"wp:term":[{"taxonomy":"category","embeddable":true,"href":"https:\/\/pelileo.gob.ec\/v3\/wp-json\/wp\/v2\/categories?post=3326"},{"taxonomy":"post_tag","embeddable":true,"href":"https:\/\/pelileo.gob.ec\/v3\/wp-json\/wp\/v2\/tags?post=3326"}],"curies":[{"name":"wp","href":"https:\/\/api.w.org\/{rel}","templated":true}]}}