{"id":3337,"date":"2024-06-19T14:47:56","date_gmt":"2024-06-19T19:47:56","guid":{"rendered":"https:\/\/pelileo.gob.ec\/portal\/?p=3337"},"modified":"2024-06-19T14:47:56","modified_gmt":"2024-06-19T19:47:56","slug":"%f0%9d%97%a0%f0%9d%98%82%f0%9d%97%bb%f0%9d%97%b6%f0%9d%97%b0%f0%9d%97%b6%f0%9d%97%bd%f0%9d%97%ae%f0%9d%97%b9%f0%9d%97%b6%f0%9d%97%b1%f0%9d%97%ae%f0%9d%97%b1-%f0%9d%97%b2%f0%9d%97%bb%f0%9d%98%81-2","status":"publish","type":"post","link":"https:\/\/pelileo.gob.ec\/v3\/%f0%9d%97%a0%f0%9d%98%82%f0%9d%97%bb%f0%9d%97%b6%f0%9d%97%b0%f0%9d%97%b6%f0%9d%97%bd%f0%9d%97%ae%f0%9d%97%b9%f0%9d%97%b6%f0%9d%97%b1%f0%9d%97%ae%f0%9d%97%b1-%f0%9d%97%b2%f0%9d%97%bb%f0%9d%98%81-2\/","title":{"rendered":"\ud835\udde0\ud835\ude02\ud835\uddfb\ud835\uddf6\ud835\uddf0\ud835\uddf6\ud835\uddfd\ud835\uddee\ud835\uddf9\ud835\uddf6\ud835\uddf1\ud835\uddee\ud835\uddf1 \ud835\uddf2\ud835\uddfb\ud835\ude01\ud835\uddff\ud835\uddf2\ud835\uddf4\u00f3 \ud835\uddee\ud835\ude06\ud835\ude02\ud835\uddf1\ud835\uddee \ud835\uddf5\ud835\ude02\ud835\uddfa\ud835\uddee\ud835\uddfb\ud835\uddf6\ud835\ude01\ud835\uddee\ud835\uddff\ud835\uddf6\ud835\uddee \ud835\uddee \ud835\uddf1\ud835\uddee\ud835\uddfa\ud835\uddfb\ud835\uddf6\ud835\uddf3\ud835\uddf6\ud835\uddf0\ud835\uddee\ud835\uddf1\ud835\uddfc\ud835\ude00"},"content":{"rendered":"\n<p>Frente a las innumerables necesidades que desencaden\u00f3 los deslaves ocurridos en el cant\u00f3n Ba\u00f1os de Agua Santa, el \ud835\uddee\ud835\uddf9\ud835\uddf0\ud835\uddee\ud835\uddf9\ud835\uddf1\ud835\uddf2 <a href=\"https:\/\/www.facebook.com\/profile.php?id=100071174991895&amp;__cft__[0]=AZVoj2jlfSFOgCSTsV3l24F5mxGZhUiTy2cwIUo8dnyY6-WZZ0G-n5iSdhihsfnHDuk70xrwPKfEDKQjVY4YmUd71zVdDaa22A6MRi_m17itRaHGDBADQ1KB7-7C7qEu-yQJ4Cwy1StAPSX6EapvVPijNUKRwMg1hsJfcBGYD3nKmBwiD6nzfBtpZd5UTdULsBLejHSJPtWBPQ8aV7oHd8MO&amp;__tn__=-]K-R\">Gabriel Zu\u00f1iga<\/a> entreg\u00f3 v\u00edveres, productos de aseo y primera necesidad a las personas damnificadas, gracias a la colaboraci\u00f3n y aporte de la ciudadan\u00eda de nuestro cant\u00f3n.<\/p>\n\n\n\n<p>La primera autoridad municipal agradeci\u00f3 la solidaridad demostrada por los <a><\/a>Pelile\u00f1os para compartir con quienes m\u00e1s lo necesita, ya que en estos momentos cr\u00edticos lo m\u00e1s importante siempre ser\u00e1 la gente, enfatiz\u00f3 el burgomaestre.<\/p>\n","protected":false},"excerpt":{"rendered":"<p>Frente a las innumerables necesidades que desencaden\u00f3 los deslaves ocurridos&hellip; <\/p>\n","protected":false},"author":1,"featured_media":3338,"comment_status":"closed","ping_status":"closed","sticky":false,"template":"","format":"standard","meta":{"footnotes":""},"categories":[9],"tags":[],"class_list":["post-3337","post","type-post","status-publish","format-standard","has-post-thumbnail","hentry","category-slider"],"_links":{"self":[{"href":"https:\/\/pelileo.gob.ec\/v3\/wp-json\/wp\/v2\/posts\/3337","targetHints":{"allow":["GET"]}}],"collection":[{"href":"https:\/\/pelileo.gob.ec\/v3\/wp-json\/wp\/v2\/posts"}],"about":[{"href":"https:\/\/pelileo.gob.ec\/v3\/wp-json\/wp\/v2\/types\/post"}],"author":[{"embeddable":true,"href":"https:\/\/pelileo.gob.ec\/v3\/wp-json\/wp\/v2\/users\/1"}],"replies":[{"embeddable":true,"href":"https:\/\/pelileo.gob.ec\/v3\/wp-json\/wp\/v2\/comments?post=3337"}],"version-history":[{"count":1,"href":"https:\/\/pelileo.gob.ec\/v3\/wp-json\/wp\/v2\/posts\/3337\/revisions"}],"predecessor-version":[{"id":3339,"href":"https:\/\/pelileo.gob.ec\/v3\/wp-json\/wp\/v2\/posts\/3337\/revisions\/3339"}],"wp:featuredmedia":[{"embeddable":true,"href":"https:\/\/pelileo.gob.ec\/v3\/wp-json\/wp\/v2\/media\/3338"}],"wp:attachment":[{"href":"https:\/\/pelileo.gob.ec\/v3\/wp-json\/wp\/v2\/media?parent=3337"}],"wp:term":[{"taxonomy":"category","embeddable":true,"href":"https:\/\/pelileo.gob.ec\/v3\/wp-json\/wp\/v2\/categories?post=3337"},{"taxonomy":"post_tag","embeddable":true,"href":"https:\/\/pelileo.gob.ec\/v3\/wp-json\/wp\/v2\/tags?post=3337"}],"curies":[{"name":"wp","href":"https:\/\/api.w.org\/{rel}","templated":true}]}}