{"id":3340,"date":"2024-06-24T14:58:52","date_gmt":"2024-06-24T19:58:52","guid":{"rendered":"https:\/\/pelileo.gob.ec\/portal\/?p=3340"},"modified":"2024-06-24T14:58:52","modified_gmt":"2024-06-24T19:58:52","slug":"%f0%9d%97%96%f0%9d%97%bc%f0%9d%97%bb%f0%9d%97%b2%f0%9d%97%b0%f0%9d%98%81%f0%9d%97%b6%f0%9d%98%83%f0%9d%97%b6%f0%9d%97%b1%f0%9d%97%ae%f0%9d%97%b1-%f0%9d%97%b4%f0%9d%97%bf%f0%9d%97%ae%f0%9d%98%81","status":"publish","type":"post","link":"https:\/\/pelileo.gob.ec\/v3\/%f0%9d%97%96%f0%9d%97%bc%f0%9d%97%bb%f0%9d%97%b2%f0%9d%97%b0%f0%9d%98%81%f0%9d%97%b6%f0%9d%98%83%f0%9d%97%b6%f0%9d%97%b1%f0%9d%97%ae%f0%9d%97%b1-%f0%9d%97%b4%f0%9d%97%bf%f0%9d%97%ae%f0%9d%98%81\/","title":{"rendered":"\ud835\uddd6\ud835\uddfc\ud835\uddfb\ud835\uddf2\ud835\uddf0\ud835\ude01\ud835\uddf6\ud835\ude03\ud835\uddf6\ud835\uddf1\ud835\uddee\ud835\uddf1 \ud835\uddf4\ud835\uddff\ud835\uddee\ud835\ude01\ud835\ude02\ud835\uddf6\ud835\ude01\ud835\uddee \ud835\uddee \ud835\uddf6\ud835\uddfb\ud835\ude01\ud835\uddf2\ud835\uddff\ud835\uddfb\ud835\uddf2\ud835\ude01 \ud835\uddf2\ud835\uddfb \ud835\uddf9\ud835\uddee \ud835\uddf2\ud835\ude00\ud835\uddf0\ud835\ude02\ud835\uddf2\ud835\uddf9\ud835\uddee \ud835\uddd4\ud835\uddf4\ud835\ude02\ud835\ude00\ud835\ude01\u00ed\ud835\uddfb \ud835\uddd6\ud835\uddfc\ud835\uddfb\ud835\ude00\ud835\ude01\ud835\uddee\ud835\uddfb\ud835\ude01\ud835\uddf2"},"content":{"rendered":"\n<p>Servicio de internet gratuito para beneficio de los estudiantes y docentes de la escuela Agust\u00edn Constante del caser\u00edo <a href=\"https:\/\/www.facebook.com\/hashtag\/artez%C3%B3n?__eep__=6&amp;__cft__[0]=AZXSpE4A-MRhU8SotHMWkdtRzTszSEsS0IVNQ1U1zP28QCiPrYnXQ4qOBm_Ho9F5x4QNnVBXNwiDOPs72p5mvaHw-KuA-YvebwN508lVnQMx7V50oZ2NkKFRDEgk2eP-qrBpU5Klb8OqF1L6-NR-0mvLPg3PuhzMH9G0EFhOYq3zaVSuwYtgzXu1Wb8PIm_yvYLj8YHXNzqRVtTjK5IBWDKX&amp;__tn__=*NK-R\">#Artez\u00f3n<\/a>, entreg\u00f3 el alcalde Dr. Gabriel Z\u00fa\u00f1iga durante el evento de clausura del a\u00f1o lectivo 2023-2024, tras suscribir un Convenio de colaboraci\u00f3n interinstitucional con la empresa Ip Access por un lapso de 4 a\u00f1os.<\/p>\n\n\n\n<p>Esta instituci\u00f3n es la <a><\/a>primera de las unidades educativas que recibir\u00e1n este servicio para fortalecer su labor educativa en beneficio de nuestros ni\u00f1os y j\u00f3venes, indic\u00f3 la primera autoridad municipal, tras declarar inaugurado este servicio en medio de la alegr\u00eda de ni\u00f1os, docentes y padres de familia, cumpliendo de esta manera su plan de trabajo para beneficio de la ciudadan\u00eda.<\/p>\n","protected":false},"excerpt":{"rendered":"<p>Servicio de internet gratuito para beneficio de los estudiantes y&hellip; <\/p>\n","protected":false},"author":1,"featured_media":3341,"comment_status":"closed","ping_status":"closed","sticky":false,"template":"","format":"standard","meta":{"footnotes":""},"categories":[9],"tags":[],"class_list":["post-3340","post","type-post","status-publish","format-standard","has-post-thumbnail","hentry","category-slider"],"_links":{"self":[{"href":"https:\/\/pelileo.gob.ec\/v3\/wp-json\/wp\/v2\/posts\/3340","targetHints":{"allow":["GET"]}}],"collection":[{"href":"https:\/\/pelileo.gob.ec\/v3\/wp-json\/wp\/v2\/posts"}],"about":[{"href":"https:\/\/pelileo.gob.ec\/v3\/wp-json\/wp\/v2\/types\/post"}],"author":[{"embeddable":true,"href":"https:\/\/pelileo.gob.ec\/v3\/wp-json\/wp\/v2\/users\/1"}],"replies":[{"embeddable":true,"href":"https:\/\/pelileo.gob.ec\/v3\/wp-json\/wp\/v2\/comments?post=3340"}],"version-history":[{"count":1,"href":"https:\/\/pelileo.gob.ec\/v3\/wp-json\/wp\/v2\/posts\/3340\/revisions"}],"predecessor-version":[{"id":3342,"href":"https:\/\/pelileo.gob.ec\/v3\/wp-json\/wp\/v2\/posts\/3340\/revisions\/3342"}],"wp:featuredmedia":[{"embeddable":true,"href":"https:\/\/pelileo.gob.ec\/v3\/wp-json\/wp\/v2\/media\/3341"}],"wp:attachment":[{"href":"https:\/\/pelileo.gob.ec\/v3\/wp-json\/wp\/v2\/media?parent=3340"}],"wp:term":[{"taxonomy":"category","embeddable":true,"href":"https:\/\/pelileo.gob.ec\/v3\/wp-json\/wp\/v2\/categories?post=3340"},{"taxonomy":"post_tag","embeddable":true,"href":"https:\/\/pelileo.gob.ec\/v3\/wp-json\/wp\/v2\/tags?post=3340"}],"curies":[{"name":"wp","href":"https:\/\/api.w.org\/{rel}","templated":true}]}}