{"id":3373,"date":"2024-07-15T10:59:55","date_gmt":"2024-07-15T15:59:55","guid":{"rendered":"https:\/\/pelileo.gob.ec\/portal\/?p=3373"},"modified":"2024-07-15T10:59:55","modified_gmt":"2024-07-15T15:59:55","slug":"%f0%9d%97%9f%f0%9d%97%ae-%f0%9d%97%b0%f0%9d%97%b6%f0%9d%98%82%f0%9d%97%b1%f0%9d%97%ae%f0%9d%97%b1-%f0%9d%97%ae%f0%9d%98%87%f0%9d%98%82%f0%9d%97%b9-%f0%9d%97%ae%f0%9d%97%ba%f0%9d%97%ae%f0%9d%97%bb","status":"publish","type":"post","link":"https:\/\/pelileo.gob.ec\/v3\/%f0%9d%97%9f%f0%9d%97%ae-%f0%9d%97%b0%f0%9d%97%b6%f0%9d%98%82%f0%9d%97%b1%f0%9d%97%ae%f0%9d%97%b1-%f0%9d%97%ae%f0%9d%98%87%f0%9d%98%82%f0%9d%97%b9-%f0%9d%97%ae%f0%9d%97%ba%f0%9d%97%ae%f0%9d%97%bb\/","title":{"rendered":"\ud835\udddf\ud835\uddee \ud835\uddf0\ud835\uddf6\ud835\ude02\ud835\uddf1\ud835\uddee\ud835\uddf1 \ud835\uddee\ud835\ude07\ud835\ude02\ud835\uddf9 \ud835\uddee\ud835\uddfa\ud835\uddee\ud835\uddfb\ud835\uddf2\ud835\uddf0\ud835\uddf6\u00f3 \ud835\uddf0\ud835\uddfc\ud835\uddfb \ud835\uddfb\ud835\ude02\ud835\uddf2\ud835\ude03\ud835\uddee \ud835\uddff\ud835\uddf2\ud835\uddf6\ud835\uddfb\ud835\uddee"},"content":{"rendered":"\n<p>Pelileo se llen\u00f3 de belleza y alegr\u00eda durante la elecci\u00f3n y coronaci\u00f3n de su nueva soberana. Las seis hermosas candidatas deleitaron al p\u00fablico asistente con un derroche de elegancia y donaire como parte del homenaje a Pelileo que celebra con j\u00fabilo su cent\u00e9simo sexag\u00e9simo cuarto aniversario de cantonizaci\u00f3n.<\/p>\n\n\n\n<p>Al final de la velada este fue el veredicto:<\/p>\n\n\n\n<p><a><\/a>\ud835\udde5\ud835\uddf2\ud835\uddf6\ud835\uddfb\ud835\uddee \ud835\uddf1\ud835\uddf2 \ud835\udde3\ud835\uddf2\ud835\uddf9\ud835\uddf6\ud835\uddf9\ud835\uddf2\ud835\uddfc: Joana Maribel C\u00e1rdenas Viteri<\/p>\n\n\n\n<p>\ud835\udde9\ud835\uddf6\ud835\uddff\ud835\uddff\ud835\uddf2\ud835\uddf6\ud835\uddfb\ud835\uddee \ud835\uddf1\ud835\uddf2 \ud835\udde3\ud835\uddf2\ud835\uddf9\ud835\uddf6\ud835\uddf9\ud835\uddf2\ud835\uddfc: Britanny Lizeth Argoti Campos<\/p>\n\n\n\n<p>\ud835\udde6\ud835\uddf2\u00f1\ud835\uddfc\ud835\uddff\ud835\uddf6\ud835\ude01\ud835\uddee \ud835\udde6\ud835\uddf6\ud835\uddfa\ud835\uddfd\ud835\uddee\ud835\ude01\u00ed\ud835\uddee: Mar\u00eda Celeste Rodr\u00edguez Silva<\/p>\n\n\n\n<p>\u00a1\ud835\uddd9\ud835\uddf2\ud835\uddf9\ud835\uddf6\ud835\uddf0\ud835\uddf6\ud835\ude01\ud835\uddee\ud835\uddf0\ud835\uddf6\ud835\uddfc\ud835\uddfb\ud835\uddf2\ud835\ude00 \ud835\uddee \ud835\uddfb\ud835\ude02\ud835\uddf2\ud835\ude00\ud835\ude01\ud835\uddff\ud835\uddee\ud835\ude00 \ud835\uddfb\ud835\ude02\ud835\uddf2\ud835\ude03\ud835\uddee\ud835\ude00 \ud835\ude00\ud835\uddfc\ud835\uddef\ud835\uddf2\ud835\uddff\ud835\uddee\ud835\uddfb\ud835\uddee\ud835\ude00!<\/p>\n","protected":false},"excerpt":{"rendered":"<p>Pelileo se llen\u00f3 de belleza y alegr\u00eda durante la elecci\u00f3n&hellip; <\/p>\n","protected":false},"author":1,"featured_media":3374,"comment_status":"closed","ping_status":"closed","sticky":false,"template":"","format":"standard","meta":{"footnotes":""},"categories":[9],"tags":[],"class_list":["post-3373","post","type-post","status-publish","format-standard","has-post-thumbnail","hentry","category-slider"],"_links":{"self":[{"href":"https:\/\/pelileo.gob.ec\/v3\/wp-json\/wp\/v2\/posts\/3373","targetHints":{"allow":["GET"]}}],"collection":[{"href":"https:\/\/pelileo.gob.ec\/v3\/wp-json\/wp\/v2\/posts"}],"about":[{"href":"https:\/\/pelileo.gob.ec\/v3\/wp-json\/wp\/v2\/types\/post"}],"author":[{"embeddable":true,"href":"https:\/\/pelileo.gob.ec\/v3\/wp-json\/wp\/v2\/users\/1"}],"replies":[{"embeddable":true,"href":"https:\/\/pelileo.gob.ec\/v3\/wp-json\/wp\/v2\/comments?post=3373"}],"version-history":[{"count":1,"href":"https:\/\/pelileo.gob.ec\/v3\/wp-json\/wp\/v2\/posts\/3373\/revisions"}],"predecessor-version":[{"id":3375,"href":"https:\/\/pelileo.gob.ec\/v3\/wp-json\/wp\/v2\/posts\/3373\/revisions\/3375"}],"wp:featuredmedia":[{"embeddable":true,"href":"https:\/\/pelileo.gob.ec\/v3\/wp-json\/wp\/v2\/media\/3374"}],"wp:attachment":[{"href":"https:\/\/pelileo.gob.ec\/v3\/wp-json\/wp\/v2\/media?parent=3373"}],"wp:term":[{"taxonomy":"category","embeddable":true,"href":"https:\/\/pelileo.gob.ec\/v3\/wp-json\/wp\/v2\/categories?post=3373"},{"taxonomy":"post_tag","embeddable":true,"href":"https:\/\/pelileo.gob.ec\/v3\/wp-json\/wp\/v2\/tags?post=3373"}],"curies":[{"name":"wp","href":"https:\/\/api.w.org\/{rel}","templated":true}]}}