{"id":3376,"date":"2024-07-15T11:34:28","date_gmt":"2024-07-15T16:34:28","guid":{"rendered":"https:\/\/pelileo.gob.ec\/portal\/?p=3376"},"modified":"2024-07-15T11:34:28","modified_gmt":"2024-07-15T16:34:28","slug":"%f0%9d%97%9f%f0%9d%97%ae-%f0%9d%97%b6%f0%9d%97%bb%f0%9d%98%81%f0%9d%97%b2%f0%9d%97%bf%f0%9d%97%b0%f0%9d%98%82%f0%9d%97%b9%f0%9d%98%81%f0%9d%98%82%f0%9d%97%bf%f0%9d%97%ae%f0%9d%97%b9%f0%9d%97%b6","status":"publish","type":"post","link":"https:\/\/pelileo.gob.ec\/v3\/%f0%9d%97%9f%f0%9d%97%ae-%f0%9d%97%b6%f0%9d%97%bb%f0%9d%98%81%f0%9d%97%b2%f0%9d%97%bf%f0%9d%97%b0%f0%9d%98%82%f0%9d%97%b9%f0%9d%98%81%f0%9d%98%82%f0%9d%97%bf%f0%9d%97%ae%f0%9d%97%b9%f0%9d%97%b6\/","title":{"rendered":"\ud835\udddf\ud835\uddee \ud835\uddf6\ud835\uddfb\ud835\ude01\ud835\uddf2\ud835\uddff\ud835\uddf0\ud835\ude02\ud835\uddf9\ud835\ude01\ud835\ude02\ud835\uddff\ud835\uddee\ud835\uddf9\ud835\uddf6\ud835\uddf1\ud835\uddee\ud835\uddf1 \ud835\uddef\ud835\uddff\ud835\uddf6\ud835\uddf9\ud835\uddf9\u00f3 \ud835\uddf2\ud835\uddfb \ud835\udde3\ud835\uddf2\ud835\uddf9\ud835\uddf6\ud835\uddf9\ud835\uddf2\ud835\uddfc"},"content":{"rendered":"\n<p>Un desborde impresionante de alegr\u00eda, colorido y emoci\u00f3n se vivi\u00f3 por las calles de Pelileo con motivo del desfile intercultural de los pueblos y nacionalidades del Ecuador, al celebrar 164 a\u00f1os de cantonizaci\u00f3n de la ciudad azul.<\/p>\n\n\n\n<p>Las ra\u00edces aut\u00e9nticas de la cultura ecuatoriana emocionaron a miles de pelile\u00f1os y turistas que aplaudieron alborozados el pazo de la danza, m\u00fasica y atuendos multicolores <a><\/a>que vistieron de regocijo y encanto a la ciudad azul.<\/p>\n","protected":false},"excerpt":{"rendered":"<p>Un desborde impresionante de alegr\u00eda, colorido y emoci\u00f3n se vivi\u00f3&hellip; <\/p>\n","protected":false},"author":1,"featured_media":3377,"comment_status":"closed","ping_status":"closed","sticky":false,"template":"","format":"standard","meta":{"footnotes":""},"categories":[9],"tags":[],"class_list":["post-3376","post","type-post","status-publish","format-standard","has-post-thumbnail","hentry","category-slider"],"_links":{"self":[{"href":"https:\/\/pelileo.gob.ec\/v3\/wp-json\/wp\/v2\/posts\/3376","targetHints":{"allow":["GET"]}}],"collection":[{"href":"https:\/\/pelileo.gob.ec\/v3\/wp-json\/wp\/v2\/posts"}],"about":[{"href":"https:\/\/pelileo.gob.ec\/v3\/wp-json\/wp\/v2\/types\/post"}],"author":[{"embeddable":true,"href":"https:\/\/pelileo.gob.ec\/v3\/wp-json\/wp\/v2\/users\/1"}],"replies":[{"embeddable":true,"href":"https:\/\/pelileo.gob.ec\/v3\/wp-json\/wp\/v2\/comments?post=3376"}],"version-history":[{"count":1,"href":"https:\/\/pelileo.gob.ec\/v3\/wp-json\/wp\/v2\/posts\/3376\/revisions"}],"predecessor-version":[{"id":3378,"href":"https:\/\/pelileo.gob.ec\/v3\/wp-json\/wp\/v2\/posts\/3376\/revisions\/3378"}],"wp:featuredmedia":[{"embeddable":true,"href":"https:\/\/pelileo.gob.ec\/v3\/wp-json\/wp\/v2\/media\/3377"}],"wp:attachment":[{"href":"https:\/\/pelileo.gob.ec\/v3\/wp-json\/wp\/v2\/media?parent=3376"}],"wp:term":[{"taxonomy":"category","embeddable":true,"href":"https:\/\/pelileo.gob.ec\/v3\/wp-json\/wp\/v2\/categories?post=3376"},{"taxonomy":"post_tag","embeddable":true,"href":"https:\/\/pelileo.gob.ec\/v3\/wp-json\/wp\/v2\/tags?post=3376"}],"curies":[{"name":"wp","href":"https:\/\/api.w.org\/{rel}","templated":true}]}}