{"id":3394,"date":"2024-07-23T09:12:12","date_gmt":"2024-07-23T14:12:12","guid":{"rendered":"https:\/\/pelileo.gob.ec\/portal\/?p=3394"},"modified":"2024-07-23T09:12:12","modified_gmt":"2024-07-23T14:12:12","slug":"%f0%9d%97%96%f0%9d%97%b6%f0%9d%98%83%f0%9d%97%b6%f0%9d%98%80%f0%9d%97%ba%f0%9d%97%bc-%f0%9d%98%86-%f0%9d%97%b4%f0%9d%97%ae%f0%9d%97%b9%f0%9d%97%b9%f0%9d%97%ae%f0%9d%97%bf%f0%9d%97%b1i%f0%9d%97%ae","status":"publish","type":"post","link":"https:\/\/pelileo.gob.ec\/v3\/%f0%9d%97%96%f0%9d%97%b6%f0%9d%98%83%f0%9d%97%b6%f0%9d%98%80%f0%9d%97%ba%f0%9d%97%bc-%f0%9d%98%86-%f0%9d%97%b4%f0%9d%97%ae%f0%9d%97%b9%f0%9d%97%b9%f0%9d%97%ae%f0%9d%97%bf%f0%9d%97%b1i%f0%9d%97%ae\/","title":{"rendered":"\ud835\uddd6\ud835\uddf6\ud835\ude03\ud835\uddf6\ud835\ude00\ud835\uddfa\ud835\uddfc \ud835\ude06 \ud835\uddf4\ud835\uddee\ud835\uddf9\ud835\uddf9\ud835\uddee\ud835\uddff\ud835\uddf1\u00ed\ud835\uddee \ud835\uddf2\ud835\uddfb \ud835\uddf2\ud835\uddf9 \ud835\uddf1\ud835\uddf2\ud835\ude00\ud835\uddf3\ud835\uddf6\ud835\uddf9\ud835\uddf2 \ud835\uddf2\ud835\ude00\ud835\ude01\ud835\ude02\ud835\uddf1\ud835\uddf6\ud835\uddee\ud835\uddfb\ud835\ude01\ud835\uddf6\ud835\uddf9"},"content":{"rendered":"\n<p>Con gallard\u00eda y profundo fervor c\u00edvico, estudiantes de las Unidades educativas de <a href=\"https:\/\/www.facebook.com\/hashtag\/pelileo?__eep__=6&amp;__cft__[0]=AZU3MQ4O13rdetzX5uKWlDfCK_PMFVLrhja_HSy7zbss2jZiiGBixBGNmeAn9XKKI1CcDufG6KQhSvgM8SKvfqcxebwUM6YAyPyx1tPVmnxR8qPenx2dfoDk19TurCeLYTJSDXJOQkfVL8rsSacFwk4Fdc67kPrOSz2UNCEKwfKzqUqUeVenFkqJ3xQmYAVUOemkyLViasepLxWWOralYzh1&amp;__tn__=*NK-R\">#Pelileo<\/a>, presentaron el homenaje a San Pedro de Pelileo al conmemorar sus 164 a\u00f1os de cantonizaci\u00f3n.<\/p>\n\n\n\n<p>Autoridades civiles, militares, policiales y eclesi\u00e1sticas, aplaudieron el paso de las delegaciones; exaltando el aporte de la juventud para la construcci\u00f3n del Pelileo pr\u00f3spero y equitativo que anhelamos.<\/p>\n\n\n\n<p>\u00a1\ud835\uddd9\ud835\uddf2\ud835\uddf9\ud835\uddf6\ud835\uddf0\ud835\uddf2\ud835\ude00 164 \ud835\uddee\u00f1\ud835\uddfc\ud835\ude00!<\/p>\n","protected":false},"excerpt":{"rendered":"<p>Con gallard\u00eda y profundo fervor c\u00edvico, estudiantes de las Unidades&hellip; <\/p>\n","protected":false},"author":1,"featured_media":3395,"comment_status":"open","ping_status":"closed","sticky":false,"template":"","format":"standard","meta":{"footnotes":""},"categories":[9],"tags":[],"class_list":["post-3394","post","type-post","status-publish","format-standard","has-post-thumbnail","hentry","category-slider"],"_links":{"self":[{"href":"https:\/\/pelileo.gob.ec\/v3\/wp-json\/wp\/v2\/posts\/3394","targetHints":{"allow":["GET"]}}],"collection":[{"href":"https:\/\/pelileo.gob.ec\/v3\/wp-json\/wp\/v2\/posts"}],"about":[{"href":"https:\/\/pelileo.gob.ec\/v3\/wp-json\/wp\/v2\/types\/post"}],"author":[{"embeddable":true,"href":"https:\/\/pelileo.gob.ec\/v3\/wp-json\/wp\/v2\/users\/1"}],"replies":[{"embeddable":true,"href":"https:\/\/pelileo.gob.ec\/v3\/wp-json\/wp\/v2\/comments?post=3394"}],"version-history":[{"count":1,"href":"https:\/\/pelileo.gob.ec\/v3\/wp-json\/wp\/v2\/posts\/3394\/revisions"}],"predecessor-version":[{"id":3396,"href":"https:\/\/pelileo.gob.ec\/v3\/wp-json\/wp\/v2\/posts\/3394\/revisions\/3396"}],"wp:featuredmedia":[{"embeddable":true,"href":"https:\/\/pelileo.gob.ec\/v3\/wp-json\/wp\/v2\/media\/3395"}],"wp:attachment":[{"href":"https:\/\/pelileo.gob.ec\/v3\/wp-json\/wp\/v2\/media?parent=3394"}],"wp:term":[{"taxonomy":"category","embeddable":true,"href":"https:\/\/pelileo.gob.ec\/v3\/wp-json\/wp\/v2\/categories?post=3394"},{"taxonomy":"post_tag","embeddable":true,"href":"https:\/\/pelileo.gob.ec\/v3\/wp-json\/wp\/v2\/tags?post=3394"}],"curies":[{"name":"wp","href":"https:\/\/api.w.org\/{rel}","templated":true}]}}