{"id":3397,"date":"2024-07-23T09:14:20","date_gmt":"2024-07-23T14:14:20","guid":{"rendered":"https:\/\/pelileo.gob.ec\/portal\/?p=3397"},"modified":"2024-07-23T09:14:20","modified_gmt":"2024-07-23T14:14:20","slug":"%f0%9d%97%a6%f0%9d%97%b2%f0%9d%98%80%f0%9d%97%b6o%f0%9d%97%bb-%f0%9d%97%a6%f0%9d%97%bc%f0%9d%97%b9%f0%9d%97%b2%f0%9d%97%ba%f0%9d%97%bb%f0%9d%97%b2-%f0%9d%97%bd%f0%9d%97%bc%f0%9d%97%bf-%f0%9d%97%b9","status":"publish","type":"post","link":"https:\/\/pelileo.gob.ec\/v3\/%f0%9d%97%a6%f0%9d%97%b2%f0%9d%98%80%f0%9d%97%b6o%f0%9d%97%bb-%f0%9d%97%a6%f0%9d%97%bc%f0%9d%97%b9%f0%9d%97%b2%f0%9d%97%ba%f0%9d%97%bb%f0%9d%97%b2-%f0%9d%97%bd%f0%9d%97%bc%f0%9d%97%bf-%f0%9d%97%b9\/","title":{"rendered":"\ud835\udde6\ud835\uddf2\ud835\ude00\ud835\uddf6\u00f3\ud835\uddfb \ud835\udde6\ud835\uddfc\ud835\uddf9\ud835\uddf2\ud835\uddfa\ud835\uddfb\ud835\uddf2 \ud835\uddfd\ud835\uddfc\ud835\uddff \ud835\uddf9\ud835\uddfc\ud835\ude00 164 \ud835\uddee\u00f1\ud835\uddfc\ud835\ude00 \ud835\uddf1\ud835\uddf2 \ud835\uddf0\ud835\uddee\ud835\uddfb\ud835\ude01\ud835\uddfc\ud835\uddfb\ud835\uddf6\ud835\ude07\ud835\uddee\ud835\uddf0\ud835\uddf6\u00f3\ud835\uddfb"},"content":{"rendered":"\n<p>En el Sal\u00f3n de la Ciudad Francisco Sa\u00e1 Chac\u00f3n se llev\u00f3 a cabo la Sesi\u00f3n Solemne de Conmemoraci\u00f3n por los 164 a\u00f1os de vida pol\u00edtica de San Pedro de Pelileo. Autoridades locales y nacionales solemnizaron con su presencia este acontecimiento hist\u00f3rico.<\/p>\n\n\n\n<p>Pelile\u00f1os ilustres que mediante su trabajo han puesto en alto el nombre de <a href=\"https:\/\/www.facebook.com\/hashtag\/pelileo?__eep__=6&amp;__cft__[0]=AZXepsWr4B3bNwdEa5aJpusrAJTKB88AnXLezVQzzDeIwtSZPJUmAVbludKG14y0bAWagGuCV64zRhgbq1_jZkDmcI-4sgAerm3y7EDf9VBsYyK72spl8OGmnPzDOxn8oNY7yQGezf3VoEUyoDNcX-TZPlqANW4vwGoA3kKCnN3YmLsG3VVGixG2Rz5Ng2UcDVdY5pWdTK8EJtx2xEYodjlH&amp;__tn__=*NK-R\">#Pelileo<\/a> a nivel nacional e internacional fueron reconocidos <a><\/a>durante este evento; as\u00ed tambi\u00e9n los servidores y trabajadores municipales que cumplieron 25 a\u00f1os de labor en beneficio de la ciudadan\u00eda.<\/p>\n\n\n\n<p>\u00a1\ud835\uddd9\ud835\uddf2\ud835\uddf9\ud835\uddf6\ud835\uddf0\ud835\uddf2\ud835\ude00 164 \ud835\uddee\u00f1\ud835\uddfc\ud835\ude00!<\/p>\n","protected":false},"excerpt":{"rendered":"<p>En el Sal\u00f3n de la Ciudad Francisco Sa\u00e1 Chac\u00f3n se&hellip; <\/p>\n","protected":false},"author":1,"featured_media":3398,"comment_status":"open","ping_status":"closed","sticky":false,"template":"","format":"standard","meta":{"footnotes":""},"categories":[9],"tags":[],"class_list":["post-3397","post","type-post","status-publish","format-standard","has-post-thumbnail","hentry","category-slider"],"_links":{"self":[{"href":"https:\/\/pelileo.gob.ec\/v3\/wp-json\/wp\/v2\/posts\/3397","targetHints":{"allow":["GET"]}}],"collection":[{"href":"https:\/\/pelileo.gob.ec\/v3\/wp-json\/wp\/v2\/posts"}],"about":[{"href":"https:\/\/pelileo.gob.ec\/v3\/wp-json\/wp\/v2\/types\/post"}],"author":[{"embeddable":true,"href":"https:\/\/pelileo.gob.ec\/v3\/wp-json\/wp\/v2\/users\/1"}],"replies":[{"embeddable":true,"href":"https:\/\/pelileo.gob.ec\/v3\/wp-json\/wp\/v2\/comments?post=3397"}],"version-history":[{"count":1,"href":"https:\/\/pelileo.gob.ec\/v3\/wp-json\/wp\/v2\/posts\/3397\/revisions"}],"predecessor-version":[{"id":3399,"href":"https:\/\/pelileo.gob.ec\/v3\/wp-json\/wp\/v2\/posts\/3397\/revisions\/3399"}],"wp:featuredmedia":[{"embeddable":true,"href":"https:\/\/pelileo.gob.ec\/v3\/wp-json\/wp\/v2\/media\/3398"}],"wp:attachment":[{"href":"https:\/\/pelileo.gob.ec\/v3\/wp-json\/wp\/v2\/media?parent=3397"}],"wp:term":[{"taxonomy":"category","embeddable":true,"href":"https:\/\/pelileo.gob.ec\/v3\/wp-json\/wp\/v2\/categories?post=3397"},{"taxonomy":"post_tag","embeddable":true,"href":"https:\/\/pelileo.gob.ec\/v3\/wp-json\/wp\/v2\/tags?post=3397"}],"curies":[{"name":"wp","href":"https:\/\/api.w.org\/{rel}","templated":true}]}}